{"id":2510,"date":"2025-08-18T13:17:38","date_gmt":"2025-08-18T13:17:38","guid":{"rendered":"https:\/\/portaldeyoung.uy\/?p=2510"},"modified":"2025-08-19T12:58:04","modified_gmt":"2025-08-19T12:58:04","slug":"antel-instalara-fibra-optica-en-tres-localidades-de-rio-negro","status":"publish","type":"post","link":"https:\/\/portaldeyoung.uy\/index.php\/2025\/08\/18\/antel-instalara-fibra-optica-en-tres-localidades-de-rio-negro\/","title":{"rendered":"ANTEL instalar\u00e1 fibra \u00f3ptica en tres localidades de R\u00edo Negro."},"content":{"rendered":"\n<p>El vicepresidente de ANTEL, Pablo \u00c1lvarez, anunci\u00f3 que Grecco, Bellaco y Tres Quintas ser\u00e1n incorporadas al plan de conectividad mediante fibra \u00f3ptica, reafirmando que \u201cla comunicaci\u00f3n es un derecho\u201d.<\/p>\n\n\n\n<p>El anuncio se realiz\u00f3 durante su visita a Fray Bentos donde mantuvo una reuni\u00f3n con el intendente de R\u00edo Negro, Arq. Guillermo Levratto, en la que se abordaron l\u00edneas de cooperaci\u00f3n entre ambas instituciones. El objetivo es fortalecer proyectos conjuntos que impacten positivamente en la comunidad.<\/p>\n","protected":false},"excerpt":{"rendered":"<p>El vicepresidente de ANTEL, Pablo \u00c1lvarez, anunci\u00f3 que Grecco, Bellaco y Tres Quintas ser\u00e1n incorporadas al plan de conectividad mediante fibra \u00f3ptica, reafirmando que \u201cla<\/p>\n","protected":false},"author":1,"featured_media":2511,"comment_status":"open","ping_status":"open","sticky":false,"template":"","format":"standard","meta":{"advgb_blocks_editor_width":"","advgb_blocks_columns_visual_guide":"","footnotes":"","jetpack_publicize_message":"","jetpack_publicize_feature_enabled":true,"jetpack_social_post_already_shared":true,"jetpack_social_options":{"image_generator_settings":{"template":"highway","default_image_id":0,"font":"","enabled":false},"version":2}},"categories":[6],"tags":[],"class_list":["post-2510","post","type-post","status-publish","format-standard","has-post-thumbnail","hentry","category-del-departamento"],"author_meta":{"display_name":"Portal","author_link":"https:\/\/portaldeyoung.uy\/index.php\/author\/admin_port\/"},"featured_img":"https:\/\/portaldeyoung.uy\/wp-content\/uploads\/2025\/08\/antel-fibra-optica-300x176.jpg","jetpack_publicize_connections":[],"coauthors":[],"tax_additional":{"categories":{"linked":["<a href=\"https:\/\/portaldeyoung.uy\/index.php\/category\/del-departamento\/\" class=\"advgb-post-tax-term\">Del departamento<\/a>"],"unlinked":["<span class=\"advgb-post-tax-term\">Del departamento<\/span>"]}},"comment_count":"0","relative_dates":{"created":"Publicado 9 meses hace","modified":"Actualizado 8 meses hace"},"absolute_dates":{"created":"Publicado el agosto 18, 2025","modified":"Actualizado el agosto 19, 2025"},"absolute_dates_time":{"created":"Publicado el agosto 18, 2025 1:17 pm","modified":"Actualizado el agosto 19, 2025 12:58 pm"},"featured_img_caption":"","series_order":"","_links":{"self":[{"href":"https:\/\/portaldeyoung.uy\/index.php\/wp-json\/wp\/v2\/posts\/2510","targetHints":{"allow":["GET"]}}],"collection":[{"href":"https:\/\/portaldeyoung.uy\/index.php\/wp-json\/wp\/v2\/posts"}],"about":[{"href":"https:\/\/portaldeyoung.uy\/index.php\/wp-json\/wp\/v2\/types\/post"}],"author":[{"embeddable":true,"href":"https:\/\/portaldeyoung.uy\/index.php\/wp-json\/wp\/v2\/users\/1"}],"replies":[{"embeddable":true,"href":"https:\/\/portaldeyoung.uy\/index.php\/wp-json\/wp\/v2\/comments?post=2510"}],"version-history":[{"count":1,"href":"https:\/\/portaldeyoung.uy\/index.php\/wp-json\/wp\/v2\/posts\/2510\/revisions"}],"predecessor-version":[{"id":2512,"href":"https:\/\/portaldeyoung.uy\/index.php\/wp-json\/wp\/v2\/posts\/2510\/revisions\/2512"}],"wp:featuredmedia":[{"embeddable":true,"href":"https:\/\/portaldeyoung.uy\/index.php\/wp-json\/wp\/v2\/media\/2511"}],"wp:attachment":[{"href":"https:\/\/portaldeyoung.uy\/index.php\/wp-json\/wp\/v2\/media?parent=2510"}],"wp:term":[{"taxonomy":"category","embeddable":true,"href":"https:\/\/portaldeyoung.uy\/index.php\/wp-json\/wp\/v2\/categories?post=2510"},{"taxonomy":"post_tag","embeddable":true,"href":"https:\/\/portaldeyoung.uy\/index.php\/wp-json\/wp\/v2\/tags?post=2510"}],"curies":[{"name":"wp","href":"https:\/\/api.w.org\/{rel}","templated":true}]}}