{"id":2495,"date":"2025-08-18T12:53:46","date_gmt":"2025-08-18T12:53:46","guid":{"rendered":"https:\/\/portaldeyoung.uy\/?p=2495"},"modified":"2025-08-19T12:57:42","modified_gmt":"2025-08-19T12:57:42","slug":"el-trebol-no-le-pierde-pisada-al-lider-san-lorenzo-resultados-y-posiciones","status":"publish","type":"post","link":"https:\/\/portaldeyoung.uy\/index.php\/2025\/08\/18\/el-trebol-no-le-pierde-pisada-al-lider-san-lorenzo-resultados-y-posiciones\/","title":{"rendered":"El Tr\u00e9bol no le pierde pisada al l\u00edder San Lorenzo, resultados y posiciones"},"content":{"rendered":"\n<p>La etapa n\u00famero 9 del clasificatorio de AFY se disput\u00f3 ayer domingo, la que marc\u00f3 la consolidaci\u00f3n de San Lorenzo como l\u00edder del certamen al derrota por dos a cero a Nacional. El equipo verde del Parque Mar\u00edn por su parte, no le pierde pisada y sigue en segundo lugar luego de su victoria 2 a 1 frente al mirasol local. Por su parte el conjunto de River de San Javier se hizo fuerte en su localidad y pudo doblegar a Miraramar de Young y trepa en las posiciones.<\/p>\n\n\n\n<p><strong>RESULTADOS Y POSICIONES<\/strong><\/p>\n\n\n\n<figure class=\"wp-block-image size-full\"><img loading=\"lazy\" decoding=\"async\" width=\"289\" height=\"533\" src=\"https:\/\/portaldeyoung.uy\/wp-content\/uploads\/2025\/08\/Resultados-9.png\" alt=\"\" class=\"wp-image-2496\" srcset=\"https:\/\/portaldeyoung.uy\/wp-content\/uploads\/2025\/08\/Resultados-9.png 289w, https:\/\/portaldeyoung.uy\/wp-content\/uploads\/2025\/08\/Resultados-9-163x300.png 163w\" sizes=\"auto, (max-width: 289px) 100vw, 289px\" \/><\/figure>\n\n\n\n<figure class=\"wp-block-image size-full\"><img loading=\"lazy\" decoding=\"async\" width=\"575\" height=\"572\" src=\"https:\/\/portaldeyoung.uy\/wp-content\/uploads\/2025\/08\/Tabla-9.png\" alt=\"\" class=\"wp-image-2497\" srcset=\"https:\/\/portaldeyoung.uy\/wp-content\/uploads\/2025\/08\/Tabla-9.png 575w, https:\/\/portaldeyoung.uy\/wp-content\/uploads\/2025\/08\/Tabla-9-300x298.png 300w, https:\/\/portaldeyoung.uy\/wp-content\/uploads\/2025\/08\/Tabla-9-150x150.png 150w\" sizes=\"auto, (max-width: 575px) 100vw, 575px\" \/><\/figure>\n\n\n\n<p><em>*Foto Anibal Barboza<\/em><\/p>\n","protected":false},"excerpt":{"rendered":"<p>La etapa n\u00famero 9 del clasificatorio de AFY se disput\u00f3 ayer domingo, la que marc\u00f3 la consolidaci\u00f3n de San Lorenzo como l\u00edder del certamen al<\/p>\n","protected":false},"author":1,"featured_media":2498,"comment_status":"open","ping_status":"open","sticky":false,"template":"","format":"standard","meta":{"advgb_blocks_editor_width":"","advgb_blocks_columns_visual_guide":"","footnotes":"","jetpack_publicize_message":"","jetpack_publicize_feature_enabled":true,"jetpack_social_post_already_shared":true,"jetpack_social_options":{"image_generator_settings":{"template":"highway","default_image_id":0,"font":"","enabled":false},"version":2}},"categories":[5],"tags":[],"class_list":["post-2495","post","type-post","status-publish","format-standard","has-post-thumbnail","hentry","category-de-la-tribuna"],"author_meta":{"display_name":"Portal","author_link":"https:\/\/portaldeyoung.uy\/index.php\/author\/admin_port\/"},"featured_img":"https:\/\/portaldeyoung.uy\/wp-content\/uploads\/2025\/08\/El-Trebol-vs-Penarol-41-300x200.jpg","jetpack_publicize_connections":[],"coauthors":[],"tax_additional":{"categories":{"linked":["<a href=\"https:\/\/portaldeyoung.uy\/index.php\/category\/de-la-tribuna\/\" class=\"advgb-post-tax-term\">De la tribuna<\/a>"],"unlinked":["<span class=\"advgb-post-tax-term\">De la tribuna<\/span>"]}},"comment_count":"0","relative_dates":{"created":"Publicado 9 meses hace","modified":"Actualizado 9 meses hace"},"absolute_dates":{"created":"Publicado el agosto 18, 2025","modified":"Actualizado el agosto 19, 2025"},"absolute_dates_time":{"created":"Publicado el agosto 18, 2025 12:53 pm","modified":"Actualizado el agosto 19, 2025 12:57 pm"},"featured_img_caption":"","series_order":"","_links":{"self":[{"href":"https:\/\/portaldeyoung.uy\/index.php\/wp-json\/wp\/v2\/posts\/2495","targetHints":{"allow":["GET"]}}],"collection":[{"href":"https:\/\/portaldeyoung.uy\/index.php\/wp-json\/wp\/v2\/posts"}],"about":[{"href":"https:\/\/portaldeyoung.uy\/index.php\/wp-json\/wp\/v2\/types\/post"}],"author":[{"embeddable":true,"href":"https:\/\/portaldeyoung.uy\/index.php\/wp-json\/wp\/v2\/users\/1"}],"replies":[{"embeddable":true,"href":"https:\/\/portaldeyoung.uy\/index.php\/wp-json\/wp\/v2\/comments?post=2495"}],"version-history":[{"count":2,"href":"https:\/\/portaldeyoung.uy\/index.php\/wp-json\/wp\/v2\/posts\/2495\/revisions"}],"predecessor-version":[{"id":2501,"href":"https:\/\/portaldeyoung.uy\/index.php\/wp-json\/wp\/v2\/posts\/2495\/revisions\/2501"}],"wp:featuredmedia":[{"embeddable":true,"href":"https:\/\/portaldeyoung.uy\/index.php\/wp-json\/wp\/v2\/media\/2498"}],"wp:attachment":[{"href":"https:\/\/portaldeyoung.uy\/index.php\/wp-json\/wp\/v2\/media?parent=2495"}],"wp:term":[{"taxonomy":"category","embeddable":true,"href":"https:\/\/portaldeyoung.uy\/index.php\/wp-json\/wp\/v2\/categories?post=2495"},{"taxonomy":"post_tag","embeddable":true,"href":"https:\/\/portaldeyoung.uy\/index.php\/wp-json\/wp\/v2\/tags?post=2495"}],"curies":[{"name":"wp","href":"https:\/\/api.w.org\/{rel}","templated":true}]}}