{"id":2439,"date":"2025-08-14T22:47:33","date_gmt":"2025-08-14T22:47:33","guid":{"rendered":"https:\/\/portaldeyoung.uy\/?p=2439"},"modified":"2025-08-14T22:47:38","modified_gmt":"2025-08-14T22:47:38","slug":"ministerio-del-interior-definio-prioridades-de-la-gestion-de-la-policia-del-area-metropolitana-pagara-incentivos-por-cumplimiento-de-metas","status":"publish","type":"post","link":"https:\/\/portaldeyoung.uy\/index.php\/2025\/08\/14\/ministerio-del-interior-definio-prioridades-de-la-gestion-de-la-policia-del-area-metropolitana-pagara-incentivos-por-cumplimiento-de-metas\/","title":{"rendered":"Ministerio del Interior defini\u00f3 prioridades de la gesti\u00f3n de la Polic\u00eda del \u00e1rea metropolitana: pagar\u00e1 incentivos por cumplimiento de metas"},"content":{"rendered":"\n<h4 class=\"wp-block-heading\">Entre los aspectos definidos como \u201cestrat\u00e9gicos\u201d, la cartera defini\u00f3 la reducci\u00f3n de los homicidios, la incautaci\u00f3n de armas y de motos.<\/h4>\n\n\n\n<p>Este jueves se present\u00f3 el Compromiso de Gesti\u00f3n 2025 entre el Ministerio del Interior y la Polic\u00eda del \u00e1rea metropolitana, en el que se establecieron las prioridades para mejorar el desempe\u00f1o y asegurar el cumplimiento de los lineamientos estrat\u00e9gicos de la cartera.<\/p>\n\n\n\n<p>La subsecretaria, Gabriela Valverde, explic\u00f3 en una rueda de prensa que se trata de una remuneraci\u00f3n basada en el cumplimiento de ciertas metas, destinada a los responsables de la gesti\u00f3n de la Polic\u00eda Nacional en la Jefatura de Montevideo, Canelones y San Jos\u00e9, as\u00ed como en la Direcci\u00f3n de Investigaciones y la Guardia Republicana.<\/p>\n\n\n\n<p>Valverde explic\u00f3 que cada a\u00f1o, desde hace una d\u00e9cada, seg\u00fan las prioridades del gobierno, se define \u201ccu\u00e1l es el desempe\u00f1o que tiene que tener la Polic\u00eda Nacional, en funci\u00f3n de algunos aspectos que se definen como estrat\u00e9gicos\u201d.<\/p>\n\n\n\n<p>En ese sentido, en su primer a\u00f1o de gesti\u00f3n, la cartera defini\u00f3 como \u201cestrat\u00e9gica\u201d la reducci\u00f3n de los homicidios, as\u00ed como la incautaci\u00f3n de armas y motos, y otros temas vinculados a \u201cla reformulaci\u00f3n de la Polic\u00eda Comunitaria Orientada a Problemas y el PADO [Programa de Alta Dedicaci\u00f3n Operativa].<\/p>\n\n\n\n<p>En funci\u00f3n de esos lineamientos, explic\u00f3 Valverde, se establecieron los compromisos o metas \u201cque son exigidas\u201d, para que, \u201ccuando se mida el cumplimiento total o tambi\u00e9n parcial\u201d de estas, se haga \u201cefectivo el pago\u201d a los responsables de las \u00e1reas. Por ejemplo, seg\u00fan determinado porcentaje de esclarecimiento de casos de homicidio.<\/p>\n\n\n\n<p>Adem\u00e1s, hay una evaluaci\u00f3n en la que tambi\u00e9n est\u00e1n involucrados el Ministerio de Econom\u00eda y Finanzas, la Oficina Nacional del Servicio Civil y la Oficina de Planeamiento y Presupuesto.<\/p>\n\n\n\n<p><em>*La Diaria<\/em><\/p>\n","protected":false},"excerpt":{"rendered":"<p>Entre los aspectos definidos como \u201cestrat\u00e9gicos\u201d, la cartera defini\u00f3 la reducci\u00f3n de los homicidios, la incautaci\u00f3n de armas y de motos. Este jueves se present\u00f3<\/p>\n","protected":false},"author":1,"featured_media":1829,"comment_status":"open","ping_status":"open","sticky":false,"template":"","format":"standard","meta":{"advgb_blocks_editor_width":"","advgb_blocks_columns_visual_guide":"","footnotes":"","jetpack_publicize_message":"","jetpack_publicize_feature_enabled":true,"jetpack_social_post_already_shared":true,"jetpack_social_options":{"image_generator_settings":{"template":"highway","default_image_id":0,"font":"","enabled":false},"version":2}},"categories":[7],"tags":[],"class_list":["post-2439","post","type-post","status-publish","format-standard","has-post-thumbnail","hentry","category-del-pais"],"author_meta":{"display_name":"Portal","author_link":"https:\/\/portaldeyoung.uy\/index.php\/author\/admin_port\/"},"featured_img":"https:\/\/portaldeyoung.uy\/wp-content\/uploads\/2025\/07\/policia-republicana-300x193.png","jetpack_publicize_connections":[],"coauthors":[],"tax_additional":{"categories":{"linked":["<a href=\"https:\/\/portaldeyoung.uy\/index.php\/category\/del-pais\/\" class=\"advgb-post-tax-term\">Del pa\u00eds<\/a>"],"unlinked":["<span class=\"advgb-post-tax-term\">Del pa\u00eds<\/span>"]}},"comment_count":"0","relative_dates":{"created":"Publicado 9 meses hace","modified":"Actualizado 9 meses hace"},"absolute_dates":{"created":"Publicado el agosto 14, 2025","modified":"Actualizado el agosto 14, 2025"},"absolute_dates_time":{"created":"Publicado el agosto 14, 2025 10:47 pm","modified":"Actualizado el agosto 14, 2025 10:47 pm"},"featured_img_caption":"","series_order":"","_links":{"self":[{"href":"https:\/\/portaldeyoung.uy\/index.php\/wp-json\/wp\/v2\/posts\/2439","targetHints":{"allow":["GET"]}}],"collection":[{"href":"https:\/\/portaldeyoung.uy\/index.php\/wp-json\/wp\/v2\/posts"}],"about":[{"href":"https:\/\/portaldeyoung.uy\/index.php\/wp-json\/wp\/v2\/types\/post"}],"author":[{"embeddable":true,"href":"https:\/\/portaldeyoung.uy\/index.php\/wp-json\/wp\/v2\/users\/1"}],"replies":[{"embeddable":true,"href":"https:\/\/portaldeyoung.uy\/index.php\/wp-json\/wp\/v2\/comments?post=2439"}],"version-history":[{"count":1,"href":"https:\/\/portaldeyoung.uy\/index.php\/wp-json\/wp\/v2\/posts\/2439\/revisions"}],"predecessor-version":[{"id":2440,"href":"https:\/\/portaldeyoung.uy\/index.php\/wp-json\/wp\/v2\/posts\/2439\/revisions\/2440"}],"wp:featuredmedia":[{"embeddable":true,"href":"https:\/\/portaldeyoung.uy\/index.php\/wp-json\/wp\/v2\/media\/1829"}],"wp:attachment":[{"href":"https:\/\/portaldeyoung.uy\/index.php\/wp-json\/wp\/v2\/media?parent=2439"}],"wp:term":[{"taxonomy":"category","embeddable":true,"href":"https:\/\/portaldeyoung.uy\/index.php\/wp-json\/wp\/v2\/categories?post=2439"},{"taxonomy":"post_tag","embeddable":true,"href":"https:\/\/portaldeyoung.uy\/index.php\/wp-json\/wp\/v2\/tags?post=2439"}],"curies":[{"name":"wp","href":"https:\/\/api.w.org\/{rel}","templated":true}]}}