{"id":2433,"date":"2025-08-14T22:38:24","date_gmt":"2025-08-14T22:38:24","guid":{"rendered":"https:\/\/portaldeyoung.uy\/?p=2433"},"modified":"2025-08-14T22:38:29","modified_gmt":"2025-08-14T22:38:29","slug":"trabajador-murio-en-accidente-laboral-en-obra-de-mercedes","status":"publish","type":"post","link":"https:\/\/portaldeyoung.uy\/index.php\/2025\/08\/14\/trabajador-murio-en-accidente-laboral-en-obra-de-mercedes\/","title":{"rendered":"Trabajador muri\u00f3 en accidente laboral en obra de Mercedes"},"content":{"rendered":"\n<p>Un muro cedi\u00f3 y le cay\u00f3 encima, inform\u00f3 la polic\u00eda.<\/p>\n\n\n\n<p>Un hombre de 56 a\u00f1os muri\u00f3 este mi\u00e9rcoles en Mercedes tras sufrir un accidente mientras trabajaba en una obra de construcci\u00f3n, inform\u00f3 la Jefatura de Soriano.<\/p>\n\n\n\n<p>Seg\u00fan las primeras actuaciones, en horas de la ma\u00f1ana el hombre, de 56 a\u00f1os, identificado como E.F.A.L., realizaba tareas de retiro de chapas y maderas utilizadas como cerramiento en el lugar, cuando un muro de aproximadamente 2 metros de altura por 1,50 metros de ancho cedi\u00f3 y le cay\u00f3 encima.<\/p>\n\n\n\n<p>El impacto le caus\u00f3 lesiones graves en la pelvis y otros traumatismos severos, por lo que fue trasladado de inmediato a un centro asistencial, donde posteriormente se constat\u00f3 su fallecimiento en horas de la noche.<\/p>\n\n\n\n<p>La Fiscal\u00eda Letrada de Mercedes de 2\u00ba Turno dispuso la intervenci\u00f3n de Polic\u00eda Cient\u00edfica, la localizaci\u00f3n de testigos y la toma de declaraciones, as\u00ed como la identificaci\u00f3n del responsable de la obra. Asimismo, personal&nbsp; policial contin\u00faa con las actuaciones para esclarecer las circunstancias del hecho y determinar eventuales responsabilidades.<\/p>\n\n\n\n<p>El hecho ocurri\u00f3 en una obra ubicada en la intersecci\u00f3n de las calles Florencio S\u00e1nchez y Eduardo V\u00edctor Haedo, se\u00f1ala el comunicado oficial.<\/p>\n\n\n\n<p>*<em>Fuente: MI &#8211; Foto: Ricardo Ant\u00fanez\/adhocFotos<\/em><\/p>\n","protected":false},"excerpt":{"rendered":"<p>Un muro cedi\u00f3 y le cay\u00f3 encima, inform\u00f3 la polic\u00eda. Un hombre de 56 a\u00f1os muri\u00f3 este mi\u00e9rcoles en Mercedes tras sufrir un accidente mientras<\/p>\n","protected":false},"author":1,"featured_media":2434,"comment_status":"open","ping_status":"open","sticky":false,"template":"","format":"standard","meta":{"advgb_blocks_editor_width":"","advgb_blocks_columns_visual_guide":"","footnotes":"","jetpack_publicize_message":"","jetpack_publicize_feature_enabled":true,"jetpack_social_post_already_shared":true,"jetpack_social_options":{"image_generator_settings":{"template":"highway","default_image_id":0,"font":"","enabled":false},"version":2}},"categories":[7],"tags":[],"class_list":["post-2433","post","type-post","status-publish","format-standard","has-post-thumbnail","hentry","category-del-pais"],"author_meta":{"display_name":"Portal","author_link":"https:\/\/portaldeyoung.uy\/index.php\/author\/admin_port\/"},"featured_img":"https:\/\/portaldeyoung.uy\/wp-content\/uploads\/2025\/08\/contruccion-300x144.png","jetpack_publicize_connections":[],"coauthors":[],"tax_additional":{"categories":{"linked":["<a href=\"https:\/\/portaldeyoung.uy\/index.php\/category\/del-pais\/\" class=\"advgb-post-tax-term\">Del pa\u00eds<\/a>"],"unlinked":["<span class=\"advgb-post-tax-term\">Del pa\u00eds<\/span>"]}},"comment_count":"0","relative_dates":{"created":"Publicado 9 meses hace","modified":"Actualizado 9 meses hace"},"absolute_dates":{"created":"Publicado el agosto 14, 2025","modified":"Actualizado el agosto 14, 2025"},"absolute_dates_time":{"created":"Publicado el agosto 14, 2025 10:38 pm","modified":"Actualizado el agosto 14, 2025 10:38 pm"},"featured_img_caption":"","series_order":"","_links":{"self":[{"href":"https:\/\/portaldeyoung.uy\/index.php\/wp-json\/wp\/v2\/posts\/2433","targetHints":{"allow":["GET"]}}],"collection":[{"href":"https:\/\/portaldeyoung.uy\/index.php\/wp-json\/wp\/v2\/posts"}],"about":[{"href":"https:\/\/portaldeyoung.uy\/index.php\/wp-json\/wp\/v2\/types\/post"}],"author":[{"embeddable":true,"href":"https:\/\/portaldeyoung.uy\/index.php\/wp-json\/wp\/v2\/users\/1"}],"replies":[{"embeddable":true,"href":"https:\/\/portaldeyoung.uy\/index.php\/wp-json\/wp\/v2\/comments?post=2433"}],"version-history":[{"count":1,"href":"https:\/\/portaldeyoung.uy\/index.php\/wp-json\/wp\/v2\/posts\/2433\/revisions"}],"predecessor-version":[{"id":2435,"href":"https:\/\/portaldeyoung.uy\/index.php\/wp-json\/wp\/v2\/posts\/2433\/revisions\/2435"}],"wp:featuredmedia":[{"embeddable":true,"href":"https:\/\/portaldeyoung.uy\/index.php\/wp-json\/wp\/v2\/media\/2434"}],"wp:attachment":[{"href":"https:\/\/portaldeyoung.uy\/index.php\/wp-json\/wp\/v2\/media?parent=2433"}],"wp:term":[{"taxonomy":"category","embeddable":true,"href":"https:\/\/portaldeyoung.uy\/index.php\/wp-json\/wp\/v2\/categories?post=2433"},{"taxonomy":"post_tag","embeddable":true,"href":"https:\/\/portaldeyoung.uy\/index.php\/wp-json\/wp\/v2\/tags?post=2433"}],"curies":[{"name":"wp","href":"https:\/\/api.w.org\/{rel}","templated":true}]}}