{"id":2418,"date":"2025-08-14T11:49:55","date_gmt":"2025-08-14T11:49:55","guid":{"rendered":"https:\/\/portaldeyoung.uy\/?p=2418"},"modified":"2025-08-18T12:42:14","modified_gmt":"2025-08-18T12:42:14","slug":"sociedad-rural-de-rio-negro-realizo-su-asamblea-anual-y-destaco-logros-y-desafios","status":"publish","type":"post","link":"https:\/\/portaldeyoung.uy\/index.php\/2025\/08\/14\/sociedad-rural-de-rio-negro-realizo-su-asamblea-anual-y-destaco-logros-y-desafios\/","title":{"rendered":"Sociedad Rural de R\u00edo Negro realiz\u00f3 su Asamblea Anual y destac\u00f3 logros y desaf\u00edos"},"content":{"rendered":"\n<p>En la jornada de ayer, mi\u00e9rcoles, la Sociedad Rural de R\u00edo Negro (SRRN) llev\u00f3 a cabo su Asamblea Anual en la sede de calle Ugarte. La instancia permiti\u00f3 repasar las actividades desarrolladas durante 2024 y delinear los desaf\u00edos que enfrenta el sector.<\/p>\n\n\n\n<p>Durante el encuentro se present\u00f3 una encuesta realizada entre productores, t\u00e9cnicos y empresas, que valoraron positivamente el espacio de ensayos de cultivares instalado en la rural, donde se mide la performance de los cultivos en el marco del convenio entre el Instituto Nacional de Investigaci\u00f3n Agropecuaria (INIA) y la SRRN.<\/p>\n\n\n\n<p>Tambi\u00e9n se resalt\u00f3 la realizaci\u00f3n, por octavo a\u00f1o consecutivo, del Encuentro de Escuelas Rurales del departamento, que convoca a unos 500 ni\u00f1os en el mes de octubre y requiere una amplia log\u00edstica para abarcar a las 38 escuelas rurales. La Ing. Agr. Virginia Mahilos destac\u00f3 adem\u00e1s el funcionamiento de la bolsa de trabajo, la biblioteca agropecuaria y las mejoras en el front\u00f3n ubicado junto a la sede social.<\/p>\n\n\n\n<p>Uno de los puntos m\u00e1s relevantes fue el reconocimiento al Centro de Capacitaci\u00f3n Agropecuaria, ya consolidado como un referente nacional en el rubro y con sede en Young.<\/p>\n\n\n\n<p>En su intervenci\u00f3n, el presidente de la SRRN, Ing. Diego Anselmi, se\u00f1al\u00f3 que los temas planteados en la asamblea anterior siguen sin cambios, expresando preocupaci\u00f3n por el atraso cambiario, el d\u00e9ficit fiscal y la conflictividad sindical.<\/p>\n\n\n\n<p>La Comisi\u00f3n Directiva se mantuvo sin modificaciones, con Anselmi como presidente y el Dr. Joaqu\u00edn Zabaleta como secretario, junto al resto de los integrantes que contin\u00faan en sus cargos.<\/p>\n\n\n\n<p><em>*Fotos Guillermo Centuri\u00f3n<\/em><\/p>\n\n\n\n<figure class=\"wp-block-gallery has-nested-images columns-default is-cropped wp-block-gallery-1 is-layout-flex wp-block-gallery-is-layout-flex\">\n<figure class=\"wp-block-image size-large\"><img loading=\"lazy\" decoding=\"async\" width=\"1024\" height=\"768\" data-id=\"2423\" src=\"https:\/\/portaldeyoung.uy\/wp-content\/uploads\/2025\/08\/IMG-20250813-WA0009-1024x768.jpg\" alt=\"\" class=\"wp-image-2423\" srcset=\"https:\/\/portaldeyoung.uy\/wp-content\/uploads\/2025\/08\/IMG-20250813-WA0009-1024x768.jpg 1024w, https:\/\/portaldeyoung.uy\/wp-content\/uploads\/2025\/08\/IMG-20250813-WA0009-300x225.jpg 300w, https:\/\/portaldeyoung.uy\/wp-content\/uploads\/2025\/08\/IMG-20250813-WA0009-768x576.jpg 768w, https:\/\/portaldeyoung.uy\/wp-content\/uploads\/2025\/08\/IMG-20250813-WA0009.jpg 1600w\" sizes=\"auto, (max-width: 1024px) 100vw, 1024px\" \/><\/figure>\n\n\n\n<figure class=\"wp-block-image size-large\"><img loading=\"lazy\" decoding=\"async\" width=\"768\" height=\"1024\" data-id=\"2425\" src=\"https:\/\/portaldeyoung.uy\/wp-content\/uploads\/2025\/08\/IMG-20250813-WA0013-768x1024.jpg\" alt=\"\" class=\"wp-image-2425\" srcset=\"https:\/\/portaldeyoung.uy\/wp-content\/uploads\/2025\/08\/IMG-20250813-WA0013-768x1024.jpg 768w, https:\/\/portaldeyoung.uy\/wp-content\/uploads\/2025\/08\/IMG-20250813-WA0013-225x300.jpg 225w, https:\/\/portaldeyoung.uy\/wp-content\/uploads\/2025\/08\/IMG-20250813-WA0013-1152x1536.jpg 1152w, https:\/\/portaldeyoung.uy\/wp-content\/uploads\/2025\/08\/IMG-20250813-WA0013.jpg 1200w\" sizes=\"auto, (max-width: 768px) 100vw, 768px\" \/><\/figure>\n\n\n\n<figure class=\"wp-block-image size-large\"><img loading=\"lazy\" decoding=\"async\" width=\"768\" height=\"1024\" data-id=\"2424\" src=\"https:\/\/portaldeyoung.uy\/wp-content\/uploads\/2025\/08\/IMG-20250813-WA0010-768x1024.jpg\" alt=\"\" class=\"wp-image-2424\" srcset=\"https:\/\/portaldeyoung.uy\/wp-content\/uploads\/2025\/08\/IMG-20250813-WA0010-768x1024.jpg 768w, https:\/\/portaldeyoung.uy\/wp-content\/uploads\/2025\/08\/IMG-20250813-WA0010-225x300.jpg 225w, https:\/\/portaldeyoung.uy\/wp-content\/uploads\/2025\/08\/IMG-20250813-WA0010-1152x1536.jpg 1152w, https:\/\/portaldeyoung.uy\/wp-content\/uploads\/2025\/08\/IMG-20250813-WA0010.jpg 1200w\" sizes=\"auto, (max-width: 768px) 100vw, 768px\" \/><\/figure>\n\n\n\n<figure class=\"wp-block-image size-large\"><img loading=\"lazy\" decoding=\"async\" width=\"768\" height=\"1024\" data-id=\"2422\" src=\"https:\/\/portaldeyoung.uy\/wp-content\/uploads\/2025\/08\/IMG-20250813-WA0011-768x1024.jpg\" alt=\"\" class=\"wp-image-2422\" srcset=\"https:\/\/portaldeyoung.uy\/wp-content\/uploads\/2025\/08\/IMG-20250813-WA0011-768x1024.jpg 768w, https:\/\/portaldeyoung.uy\/wp-content\/uploads\/2025\/08\/IMG-20250813-WA0011-225x300.jpg 225w, https:\/\/portaldeyoung.uy\/wp-content\/uploads\/2025\/08\/IMG-20250813-WA0011-1152x1536.jpg 1152w, https:\/\/portaldeyoung.uy\/wp-content\/uploads\/2025\/08\/IMG-20250813-WA0011.jpg 1200w\" sizes=\"auto, (max-width: 768px) 100vw, 768px\" \/><\/figure>\n\n\n\n<figure class=\"wp-block-image size-large\"><img loading=\"lazy\" decoding=\"async\" width=\"768\" height=\"1024\" data-id=\"2426\" src=\"https:\/\/portaldeyoung.uy\/wp-content\/uploads\/2025\/08\/IMG-20250813-WA0012-768x1024.jpg\" alt=\"\" class=\"wp-image-2426\" srcset=\"https:\/\/portaldeyoung.uy\/wp-content\/uploads\/2025\/08\/IMG-20250813-WA0012-768x1024.jpg 768w, https:\/\/portaldeyoung.uy\/wp-content\/uploads\/2025\/08\/IMG-20250813-WA0012-225x300.jpg 225w, https:\/\/portaldeyoung.uy\/wp-content\/uploads\/2025\/08\/IMG-20250813-WA0012-1152x1536.jpg 1152w, https:\/\/portaldeyoung.uy\/wp-content\/uploads\/2025\/08\/IMG-20250813-WA0012.jpg 1200w\" sizes=\"auto, (max-width: 768px) 100vw, 768px\" \/><\/figure>\n\n\n\n<figure class=\"wp-block-image size-large\"><img loading=\"lazy\" decoding=\"async\" width=\"768\" height=\"1024\" data-id=\"2425\" src=\"https:\/\/portaldeyoung.uy\/wp-content\/uploads\/2025\/08\/IMG-20250813-WA0013-768x1024.jpg\" alt=\"\" class=\"wp-image-2425\" srcset=\"https:\/\/portaldeyoung.uy\/wp-content\/uploads\/2025\/08\/IMG-20250813-WA0013-768x1024.jpg 768w, https:\/\/portaldeyoung.uy\/wp-content\/uploads\/2025\/08\/IMG-20250813-WA0013-225x300.jpg 225w, https:\/\/portaldeyoung.uy\/wp-content\/uploads\/2025\/08\/IMG-20250813-WA0013-1152x1536.jpg 1152w, https:\/\/portaldeyoung.uy\/wp-content\/uploads\/2025\/08\/IMG-20250813-WA0013.jpg 1200w\" sizes=\"auto, (max-width: 768px) 100vw, 768px\" \/><\/figure>\n<\/figure>\n","protected":false},"excerpt":{"rendered":"<p>En la jornada de ayer, mi\u00e9rcoles, la Sociedad Rural de R\u00edo Negro (SRRN) llev\u00f3 a cabo su Asamblea Anual en la sede de calle Ugarte.<\/p>\n","protected":false},"author":1,"featured_media":2419,"comment_status":"open","ping_status":"open","sticky":false,"template":"","format":"standard","meta":{"advgb_blocks_editor_width":"","advgb_blocks_columns_visual_guide":"","footnotes":"","jetpack_publicize_message":"","jetpack_publicize_feature_enabled":true,"jetpack_social_post_already_shared":true,"jetpack_social_options":{"image_generator_settings":{"template":"highway","default_image_id":0,"font":"","enabled":false},"version":2}},"categories":[4],"tags":[],"class_list":["post-2418","post","type-post","status-publish","format-standard","has-post-thumbnail","hentry","category-de-aca"],"author_meta":{"display_name":"Portal","author_link":"https:\/\/portaldeyoung.uy\/index.php\/author\/admin_port\/"},"featured_img":"https:\/\/portaldeyoung.uy\/wp-content\/uploads\/2025\/08\/Asamblea-sociedad-rural-SRRN-300x236.jpg","jetpack_publicize_connections":[],"coauthors":[],"tax_additional":{"categories":{"linked":["<a href=\"https:\/\/portaldeyoung.uy\/index.php\/category\/de-aca\/\" class=\"advgb-post-tax-term\">De ac\u00e1<\/a>"],"unlinked":["<span class=\"advgb-post-tax-term\">De ac\u00e1<\/span>"]}},"comment_count":"0","relative_dates":{"created":"Publicado 9 meses hace","modified":"Actualizado 8 meses hace"},"absolute_dates":{"created":"Publicado el agosto 14, 2025","modified":"Actualizado el agosto 18, 2025"},"absolute_dates_time":{"created":"Publicado el agosto 14, 2025 11:49 am","modified":"Actualizado el agosto 18, 2025 12:42 pm"},"featured_img_caption":"","series_order":"","_links":{"self":[{"href":"https:\/\/portaldeyoung.uy\/index.php\/wp-json\/wp\/v2\/posts\/2418","targetHints":{"allow":["GET"]}}],"collection":[{"href":"https:\/\/portaldeyoung.uy\/index.php\/wp-json\/wp\/v2\/posts"}],"about":[{"href":"https:\/\/portaldeyoung.uy\/index.php\/wp-json\/wp\/v2\/types\/post"}],"author":[{"embeddable":true,"href":"https:\/\/portaldeyoung.uy\/index.php\/wp-json\/wp\/v2\/users\/1"}],"replies":[{"embeddable":true,"href":"https:\/\/portaldeyoung.uy\/index.php\/wp-json\/wp\/v2\/comments?post=2418"}],"version-history":[{"count":2,"href":"https:\/\/portaldeyoung.uy\/index.php\/wp-json\/wp\/v2\/posts\/2418\/revisions"}],"predecessor-version":[{"id":2428,"href":"https:\/\/portaldeyoung.uy\/index.php\/wp-json\/wp\/v2\/posts\/2418\/revisions\/2428"}],"wp:featuredmedia":[{"embeddable":true,"href":"https:\/\/portaldeyoung.uy\/index.php\/wp-json\/wp\/v2\/media\/2419"}],"wp:attachment":[{"href":"https:\/\/portaldeyoung.uy\/index.php\/wp-json\/wp\/v2\/media?parent=2418"}],"wp:term":[{"taxonomy":"category","embeddable":true,"href":"https:\/\/portaldeyoung.uy\/index.php\/wp-json\/wp\/v2\/categories?post=2418"},{"taxonomy":"post_tag","embeddable":true,"href":"https:\/\/portaldeyoung.uy\/index.php\/wp-json\/wp\/v2\/tags?post=2418"}],"curies":[{"name":"wp","href":"https:\/\/api.w.org\/{rel}","templated":true}]}}