{"id":2406,"date":"2025-08-14T10:21:55","date_gmt":"2025-08-14T10:21:55","guid":{"rendered":"https:\/\/portaldeyoung.uy\/?p=2406"},"modified":"2025-08-14T10:21:58","modified_gmt":"2025-08-14T10:21:58","slug":"coopace-prepara-la-4a-edicion-de-la-carrera-que-nos-une","status":"publish","type":"post","link":"https:\/\/portaldeyoung.uy\/index.php\/2025\/08\/14\/coopace-prepara-la-4a-edicion-de-la-carrera-que-nos-une\/","title":{"rendered":"COOPACE  prepara  la 4\u00aa edici\u00f3n de \u201cLa Carrera que Nos Une\u201d"},"content":{"rendered":"\n<p>En la ciudad de Dolores, COOPACE present\u00f3 oficialmente la cuarta edici\u00f3n de \u201cLa Carrera que Nos Une\u201d, competencia que este a\u00f1o tendr\u00e1 un significado especial al coincidir con la celebraci\u00f3n de los 53 a\u00f1os de la cooperativa.<\/p>\n\n\n\n<p>El lanzamiento se realiz\u00f3 en conferencia de prensa con la presencia de la presidenta de COOPACE, Susana Elgarte; el gerente general, Alejandro L\u00f3pez; el alcalde de Dolores, Joaqu\u00edn G\u00f3mez; la directora de Turismo, Noem\u00ed Viera; el director de Deporte, Rodrigo Eugui, y el gerente de la sucursal Dolores, Ignacio Mombr\u00fa.<\/p>\n\n\n\n<p>La actividad se llevar\u00e1 a cabo el domingo 21 de septiembre de 2025, con punto de largada en la Rambla El Camoat\u00ed \u2013 Parque de la Primavera. La prueba incluir\u00e1 dos distancias competitivas, de 6 y 12 kil\u00f3metros, y una instancia recreativa de 1 kil\u00f3metro sin costo. La largada de esta \u00faltima ser\u00e1 a las 9:00 horas, mientras que las pruebas principales comenzar\u00e1n a las 9:30 horas.<\/p>\n\n\n\n<p>Adem\u00e1s del atractivo recorrido por los paisajes m\u00e1s pintorescos de la ciudad, la jornada ofrecer\u00e1 una feria de emprendedores, plaza de comidas y espect\u00e1culos musicales, generando un espacio para el disfrute familiar y comunitario.<\/p>\n\n\n\n<p>Las inscripciones ya est\u00e1n habilitadas en <a class=\"\" href=\"http:\/\/www.sucaweb.com\">www.sucaweb.com<\/a>, con cupos limitados. El pago puede efectuarse en la Red de pagos colectivo COOPACE \u2013 Carrera COOPACE Dolores N\u00ba 86649.<\/p>\n\n\n\n<p>El evento cuenta con el apoyo de la Intendencia de Soriano, el Municipio de Dolores y el respaldo de empresas y emprendedores locales.<\/p>\n","protected":false},"excerpt":{"rendered":"<p>En la ciudad de Dolores, COOPACE present\u00f3 oficialmente la cuarta edici\u00f3n de \u201cLa Carrera que Nos Une\u201d, competencia que este a\u00f1o tendr\u00e1 un significado especial<\/p>\n","protected":false},"author":1,"featured_media":2407,"comment_status":"open","ping_status":"open","sticky":false,"template":"","format":"standard","meta":{"advgb_blocks_editor_width":"","advgb_blocks_columns_visual_guide":"","footnotes":"","jetpack_publicize_message":"","jetpack_publicize_feature_enabled":true,"jetpack_social_post_already_shared":true,"jetpack_social_options":{"image_generator_settings":{"template":"highway","default_image_id":0,"font":"","enabled":false},"version":2}},"categories":[6],"tags":[],"class_list":["post-2406","post","type-post","status-publish","format-standard","has-post-thumbnail","hentry","category-del-departamento"],"author_meta":{"display_name":"Portal","author_link":"https:\/\/portaldeyoung.uy\/index.php\/author\/admin_port\/"},"featured_img":"https:\/\/portaldeyoung.uy\/wp-content\/uploads\/2025\/08\/coopace-300x180.jpg","jetpack_publicize_connections":[],"coauthors":[],"tax_additional":{"categories":{"linked":["<a href=\"https:\/\/portaldeyoung.uy\/index.php\/category\/del-departamento\/\" class=\"advgb-post-tax-term\">Del departamento<\/a>"],"unlinked":["<span class=\"advgb-post-tax-term\">Del departamento<\/span>"]}},"comment_count":"0","relative_dates":{"created":"Publicado 9 meses hace","modified":"Actualizado 9 meses hace"},"absolute_dates":{"created":"Publicado el agosto 14, 2025","modified":"Actualizado el agosto 14, 2025"},"absolute_dates_time":{"created":"Publicado el agosto 14, 2025 10:21 am","modified":"Actualizado el agosto 14, 2025 10:21 am"},"featured_img_caption":"","series_order":"","_links":{"self":[{"href":"https:\/\/portaldeyoung.uy\/index.php\/wp-json\/wp\/v2\/posts\/2406","targetHints":{"allow":["GET"]}}],"collection":[{"href":"https:\/\/portaldeyoung.uy\/index.php\/wp-json\/wp\/v2\/posts"}],"about":[{"href":"https:\/\/portaldeyoung.uy\/index.php\/wp-json\/wp\/v2\/types\/post"}],"author":[{"embeddable":true,"href":"https:\/\/portaldeyoung.uy\/index.php\/wp-json\/wp\/v2\/users\/1"}],"replies":[{"embeddable":true,"href":"https:\/\/portaldeyoung.uy\/index.php\/wp-json\/wp\/v2\/comments?post=2406"}],"version-history":[{"count":1,"href":"https:\/\/portaldeyoung.uy\/index.php\/wp-json\/wp\/v2\/posts\/2406\/revisions"}],"predecessor-version":[{"id":2408,"href":"https:\/\/portaldeyoung.uy\/index.php\/wp-json\/wp\/v2\/posts\/2406\/revisions\/2408"}],"wp:featuredmedia":[{"embeddable":true,"href":"https:\/\/portaldeyoung.uy\/index.php\/wp-json\/wp\/v2\/media\/2407"}],"wp:attachment":[{"href":"https:\/\/portaldeyoung.uy\/index.php\/wp-json\/wp\/v2\/media?parent=2406"}],"wp:term":[{"taxonomy":"category","embeddable":true,"href":"https:\/\/portaldeyoung.uy\/index.php\/wp-json\/wp\/v2\/categories?post=2406"},{"taxonomy":"post_tag","embeddable":true,"href":"https:\/\/portaldeyoung.uy\/index.php\/wp-json\/wp\/v2\/tags?post=2406"}],"curies":[{"name":"wp","href":"https:\/\/api.w.org\/{rel}","templated":true}]}}