{"id":2394,"date":"2025-08-14T09:52:27","date_gmt":"2025-08-14T09:52:27","guid":{"rendered":"https:\/\/portaldeyoung.uy\/?p=2394"},"modified":"2025-08-14T09:52:32","modified_gmt":"2025-08-14T09:52:32","slug":"ute-reincorporara-la-tarifa-basica-destinada-en-una-primera-etapa-a-pasivos-de-menores-ingresos-y-estudiantes","status":"publish","type":"post","link":"https:\/\/portaldeyoung.uy\/index.php\/2025\/08\/14\/ute-reincorporara-la-tarifa-basica-destinada-en-una-primera-etapa-a-pasivos-de-menores-ingresos-y-estudiantes\/","title":{"rendered":"UTE reincorporar\u00e1 la tarifa b\u00e1sica destinada en una primera etapa a pasivos de menores ingresos y estudiantes"},"content":{"rendered":"\n<p>El vicepresidente de UTE, Roberto Bentancor, indic\u00f3 que la implementaci\u00f3n se ha demorado por el an\u00e1lisis que ha hecho la empresa de las redes de cara al mayor consumo en el verano.<\/p>\n\n\n\n<p><strong>UTE<\/strong> reincorporar\u00e1 la <strong>tarifa<\/strong> de <strong>consumo<\/strong> b\u00e1sico, unas de las promesas de campa\u00f1a del presidente Yamand\u00fa Orsi, un programa que no fue utilizado en el anterior gobierno.<\/p>\n\n\n\n<p>El regreso de la tarifa b\u00e1sica se har\u00e1 oficial el pr\u00f3ximo lunes y r\u00e1pidamente se actuar\u00e1 en su aplicaci\u00f3n. En una primera etapa, ser\u00e1 destinada a pasivos de menores ingresos y a estudiantes que perciben becas del Fondo de Solidaridad.<\/p>\n\n\n\n<p>El vicepresidente de UTE, Roberto Bentancor, indic\u00f3 que la implementaci\u00f3n del programa se ha demorado por el an\u00e1lisis que ha hecho la empresa estatal del mantenimiento de las redes de distribuci\u00f3n de cara al mayor consumo en el verano.<\/p>\n\n\n\n<p>Por otra parte, UTE contin\u00faa desarrollando el plan de inclusi\u00f3n social con el fin de regularizar a 13.000 familias e indican que ya cumplieron con el 50% de la meta. Agregaron desde la empresa p\u00fablica, que el 80 % de los regularizados desde 2012 son buenos pagadores, el 65% al d\u00eda y el 15% restante con deudas de entre dos y cinco facturas.<\/p>\n","protected":false},"excerpt":{"rendered":"<p>El vicepresidente de UTE, Roberto Bentancor, indic\u00f3 que la implementaci\u00f3n se ha demorado por el an\u00e1lisis que ha hecho la empresa de las redes de<\/p>\n","protected":false},"author":1,"featured_media":2395,"comment_status":"open","ping_status":"open","sticky":false,"template":"","format":"standard","meta":{"advgb_blocks_editor_width":"","advgb_blocks_columns_visual_guide":"","footnotes":"","jetpack_publicize_message":"","jetpack_publicize_feature_enabled":true,"jetpack_social_post_already_shared":true,"jetpack_social_options":{"image_generator_settings":{"template":"highway","default_image_id":0,"font":"","enabled":false},"version":2}},"categories":[7],"tags":[],"class_list":["post-2394","post","type-post","status-publish","format-standard","has-post-thumbnail","hentry","category-del-pais"],"author_meta":{"display_name":"Portal","author_link":"https:\/\/portaldeyoung.uy\/index.php\/author\/admin_port\/"},"featured_img":"https:\/\/portaldeyoung.uy\/wp-content\/uploads\/2025\/08\/UTE-factura-300x202.png","jetpack_publicize_connections":[],"coauthors":[],"tax_additional":{"categories":{"linked":["<a href=\"https:\/\/portaldeyoung.uy\/index.php\/category\/del-pais\/\" class=\"advgb-post-tax-term\">Del pa\u00eds<\/a>"],"unlinked":["<span class=\"advgb-post-tax-term\">Del pa\u00eds<\/span>"]}},"comment_count":"0","relative_dates":{"created":"Publicado 9 meses hace","modified":"Actualizado 9 meses hace"},"absolute_dates":{"created":"Publicado el agosto 14, 2025","modified":"Actualizado el agosto 14, 2025"},"absolute_dates_time":{"created":"Publicado el agosto 14, 2025 9:52 am","modified":"Actualizado el agosto 14, 2025 9:52 am"},"featured_img_caption":"","series_order":"","_links":{"self":[{"href":"https:\/\/portaldeyoung.uy\/index.php\/wp-json\/wp\/v2\/posts\/2394","targetHints":{"allow":["GET"]}}],"collection":[{"href":"https:\/\/portaldeyoung.uy\/index.php\/wp-json\/wp\/v2\/posts"}],"about":[{"href":"https:\/\/portaldeyoung.uy\/index.php\/wp-json\/wp\/v2\/types\/post"}],"author":[{"embeddable":true,"href":"https:\/\/portaldeyoung.uy\/index.php\/wp-json\/wp\/v2\/users\/1"}],"replies":[{"embeddable":true,"href":"https:\/\/portaldeyoung.uy\/index.php\/wp-json\/wp\/v2\/comments?post=2394"}],"version-history":[{"count":1,"href":"https:\/\/portaldeyoung.uy\/index.php\/wp-json\/wp\/v2\/posts\/2394\/revisions"}],"predecessor-version":[{"id":2396,"href":"https:\/\/portaldeyoung.uy\/index.php\/wp-json\/wp\/v2\/posts\/2394\/revisions\/2396"}],"wp:featuredmedia":[{"embeddable":true,"href":"https:\/\/portaldeyoung.uy\/index.php\/wp-json\/wp\/v2\/media\/2395"}],"wp:attachment":[{"href":"https:\/\/portaldeyoung.uy\/index.php\/wp-json\/wp\/v2\/media?parent=2394"}],"wp:term":[{"taxonomy":"category","embeddable":true,"href":"https:\/\/portaldeyoung.uy\/index.php\/wp-json\/wp\/v2\/categories?post=2394"},{"taxonomy":"post_tag","embeddable":true,"href":"https:\/\/portaldeyoung.uy\/index.php\/wp-json\/wp\/v2\/tags?post=2394"}],"curies":[{"name":"wp","href":"https:\/\/api.w.org\/{rel}","templated":true}]}}