{"id":2390,"date":"2025-08-13T22:42:52","date_gmt":"2025-08-13T22:42:52","guid":{"rendered":"https:\/\/portaldeyoung.uy\/?p=2390"},"modified":"2025-08-14T23:30:33","modified_gmt":"2025-08-14T23:30:33","slug":"siniestro-de-transito-dejo-un-lesionado-leve","status":"publish","type":"post","link":"https:\/\/portaldeyoung.uy\/index.php\/2025\/08\/13\/siniestro-de-transito-dejo-un-lesionado-leve\/","title":{"rendered":"Siniestro de tr\u00e1nsito  dej\u00f3 un lesionado leve"},"content":{"rendered":"\n<p>Se registr\u00f3 un siniestro de tr\u00e1nsito en la intersecci\u00f3n de calles Zeballos y Las Piedras, en la ciudad de Young.<\/p>\n\n\n\n<p>El hecho tuvo como protagonistas a una motocicleta, conducida por un hombre mayor de edad, identificado con las iniciales H.H.R.R., quien circulaba por calle Zeballos en sentido sur a norte, y un autom\u00f3vil conducido por R.S.W., tambi\u00e9n mayor de edad, que transitaba por calle Las Piedras de este a oeste.<\/p>\n\n\n\n<p>Por causas que se tratan de establecer, ambos veh\u00edculos colisionaron, resultando lesionado el conductor del birrodado. Al lugar acudi\u00f3 una unidad de emergencia m\u00f3vil, cuyos profesionales brindaron asistencia al motociclista, quien fue dado de alta en el lugar al no presentar lesiones de gravedad.<\/p>\n","protected":false},"excerpt":{"rendered":"<p>Se registr\u00f3 un siniestro de tr\u00e1nsito en la intersecci\u00f3n de calles Zeballos y Las Piedras, en la ciudad de Young. El hecho tuvo como protagonistas<\/p>\n","protected":false},"author":1,"featured_media":607,"comment_status":"open","ping_status":"open","sticky":false,"template":"","format":"standard","meta":{"advgb_blocks_editor_width":"","advgb_blocks_columns_visual_guide":"","footnotes":"","jetpack_publicize_message":"","jetpack_publicize_feature_enabled":true,"jetpack_social_post_already_shared":true,"jetpack_social_options":{"image_generator_settings":{"template":"highway","default_image_id":0,"font":"","enabled":false},"version":2}},"categories":[4],"tags":[],"class_list":["post-2390","post","type-post","status-publish","format-standard","has-post-thumbnail","hentry","category-de-aca"],"author_meta":{"display_name":"Portal","author_link":"https:\/\/portaldeyoung.uy\/index.php\/author\/admin_port\/"},"featured_img":"https:\/\/portaldeyoung.uy\/wp-content\/uploads\/2025\/06\/POLICIA-2-300x150.jpg","jetpack_publicize_connections":[],"coauthors":[],"tax_additional":{"categories":{"linked":["<a href=\"https:\/\/portaldeyoung.uy\/index.php\/category\/de-aca\/\" class=\"advgb-post-tax-term\">De ac\u00e1<\/a>"],"unlinked":["<span class=\"advgb-post-tax-term\">De ac\u00e1<\/span>"]}},"comment_count":"0","relative_dates":{"created":"Publicado 9 meses hace","modified":"Actualizado 9 meses hace"},"absolute_dates":{"created":"Publicado el agosto 13, 2025","modified":"Actualizado el agosto 14, 2025"},"absolute_dates_time":{"created":"Publicado el agosto 13, 2025 10:42 pm","modified":"Actualizado el agosto 14, 2025 11:30 pm"},"featured_img_caption":"","series_order":"","_links":{"self":[{"href":"https:\/\/portaldeyoung.uy\/index.php\/wp-json\/wp\/v2\/posts\/2390","targetHints":{"allow":["GET"]}}],"collection":[{"href":"https:\/\/portaldeyoung.uy\/index.php\/wp-json\/wp\/v2\/posts"}],"about":[{"href":"https:\/\/portaldeyoung.uy\/index.php\/wp-json\/wp\/v2\/types\/post"}],"author":[{"embeddable":true,"href":"https:\/\/portaldeyoung.uy\/index.php\/wp-json\/wp\/v2\/users\/1"}],"replies":[{"embeddable":true,"href":"https:\/\/portaldeyoung.uy\/index.php\/wp-json\/wp\/v2\/comments?post=2390"}],"version-history":[{"count":1,"href":"https:\/\/portaldeyoung.uy\/index.php\/wp-json\/wp\/v2\/posts\/2390\/revisions"}],"predecessor-version":[{"id":2391,"href":"https:\/\/portaldeyoung.uy\/index.php\/wp-json\/wp\/v2\/posts\/2390\/revisions\/2391"}],"wp:featuredmedia":[{"embeddable":true,"href":"https:\/\/portaldeyoung.uy\/index.php\/wp-json\/wp\/v2\/media\/607"}],"wp:attachment":[{"href":"https:\/\/portaldeyoung.uy\/index.php\/wp-json\/wp\/v2\/media?parent=2390"}],"wp:term":[{"taxonomy":"category","embeddable":true,"href":"https:\/\/portaldeyoung.uy\/index.php\/wp-json\/wp\/v2\/categories?post=2390"},{"taxonomy":"post_tag","embeddable":true,"href":"https:\/\/portaldeyoung.uy\/index.php\/wp-json\/wp\/v2\/tags?post=2390"}],"curies":[{"name":"wp","href":"https:\/\/api.w.org\/{rel}","templated":true}]}}