{"id":2381,"date":"2025-08-13T11:02:05","date_gmt":"2025-08-13T11:02:05","guid":{"rendered":"https:\/\/portaldeyoung.uy\/?p=2381"},"modified":"2025-08-14T11:07:30","modified_gmt":"2025-08-14T11:07:30","slug":"sesion-del-concejo-municipal-con-visitas-institucionales-y-propuestas-para-la-ciudad","status":"publish","type":"post","link":"https:\/\/portaldeyoung.uy\/index.php\/2025\/08\/13\/sesion-del-concejo-municipal-con-visitas-institucionales-y-propuestas-para-la-ciudad\/","title":{"rendered":"Sesi\u00f3n  del Concejo Municipal con visitas institucionales y propuestas para la ciudad"},"content":{"rendered":"\n<p>En la noche de este martes, el Concejo Municipal de Young sesion\u00f3  en la Sala Dr. Mario Carminatti, recibiendo a diversas instituciones locales que presentaron proyectos y actividades de inter\u00e9s para la ciudad.<\/p>\n\n\n\n<p>La jornada comenz\u00f3 con la presencia de <strong>Ra\u00edces Younguenses<\/strong>, agrupaci\u00f3n que se encuentra ultimando preparativos para participar en el tradicional <em>Periconazo<\/em> que se desarrollar\u00e1 el pr\u00f3ximo 24 de agosto en la ciudad de Colonia.<\/p>\n\n\n\n<p>Posteriormente, referentes de <strong>UTU Young<\/strong> brindaron detalles sobre la <strong>9.\u00aa edici\u00f3n de la Correcaminata<\/strong>, que tendr\u00e1 lugar el 11 de octubre, con recorridos de 2, 4 y 8 kil\u00f3metros, abiertos a diferentes categor\u00edas y niveles de participaci\u00f3n.<\/p>\n\n\n\n<p>Tambi\u00e9n participaron representantes de la <strong>Casa de la Universidad de R\u00edo Negro<\/strong>, quienes presentaron interesantes propuestas acad\u00e9micas y culturales para desarrollar en Young, buscando fortalecer el v\u00ednculo de la instituci\u00f3n con la ciudad.<\/p>\n\n\n\n<p>El cierre de la sesi\u00f3n estuvo marcado por un momento especial: la visita de las ni\u00f1as del espacio <strong>Rinconcito de Luz<\/strong>, acompa\u00f1adas por sus educadoras. Las peque\u00f1as agradecieron el apoyo constante del Municipio, recorrieron el edificio y entregaron un hermoso obsequio al Concejo, llenando la sala de alegr\u00eda y entusiasmo.<\/p>\n\n\n\n<p><em>*Fuente Municipio de Young<\/em><\/p>\n","protected":false},"excerpt":{"rendered":"<p>En la noche de este martes, el Concejo Municipal de Young sesion\u00f3 en la Sala Dr. Mario Carminatti, recibiendo a diversas instituciones locales que presentaron<\/p>\n","protected":false},"author":1,"featured_media":2382,"comment_status":"open","ping_status":"open","sticky":false,"template":"","format":"standard","meta":{"advgb_blocks_editor_width":"","advgb_blocks_columns_visual_guide":"","footnotes":"","jetpack_publicize_message":"","jetpack_publicize_feature_enabled":true,"jetpack_social_post_already_shared":true,"jetpack_social_options":{"image_generator_settings":{"template":"highway","default_image_id":0,"font":"","enabled":false},"version":2}},"categories":[4],"tags":[],"class_list":["post-2381","post","type-post","status-publish","format-standard","has-post-thumbnail","hentry","category-de-aca"],"author_meta":{"display_name":"Portal","author_link":"https:\/\/portaldeyoung.uy\/index.php\/author\/admin_port\/"},"featured_img":"https:\/\/portaldeyoung.uy\/wp-content\/uploads\/2025\/08\/cecilia-obsequio-300x225.jpg","jetpack_publicize_connections":[],"coauthors":[],"tax_additional":{"categories":{"linked":["<a href=\"https:\/\/portaldeyoung.uy\/index.php\/category\/de-aca\/\" class=\"advgb-post-tax-term\">De ac\u00e1<\/a>"],"unlinked":["<span class=\"advgb-post-tax-term\">De ac\u00e1<\/span>"]}},"comment_count":"0","relative_dates":{"created":"Publicado 9 meses hace","modified":"Actualizado 9 meses hace"},"absolute_dates":{"created":"Publicado el agosto 13, 2025","modified":"Actualizado el agosto 14, 2025"},"absolute_dates_time":{"created":"Publicado el agosto 13, 2025 11:02 am","modified":"Actualizado el agosto 14, 2025 11:07 am"},"featured_img_caption":"","series_order":"","_links":{"self":[{"href":"https:\/\/portaldeyoung.uy\/index.php\/wp-json\/wp\/v2\/posts\/2381","targetHints":{"allow":["GET"]}}],"collection":[{"href":"https:\/\/portaldeyoung.uy\/index.php\/wp-json\/wp\/v2\/posts"}],"about":[{"href":"https:\/\/portaldeyoung.uy\/index.php\/wp-json\/wp\/v2\/types\/post"}],"author":[{"embeddable":true,"href":"https:\/\/portaldeyoung.uy\/index.php\/wp-json\/wp\/v2\/users\/1"}],"replies":[{"embeddable":true,"href":"https:\/\/portaldeyoung.uy\/index.php\/wp-json\/wp\/v2\/comments?post=2381"}],"version-history":[{"count":2,"href":"https:\/\/portaldeyoung.uy\/index.php\/wp-json\/wp\/v2\/posts\/2381\/revisions"}],"predecessor-version":[{"id":2389,"href":"https:\/\/portaldeyoung.uy\/index.php\/wp-json\/wp\/v2\/posts\/2381\/revisions\/2389"}],"wp:featuredmedia":[{"embeddable":true,"href":"https:\/\/portaldeyoung.uy\/index.php\/wp-json\/wp\/v2\/media\/2382"}],"wp:attachment":[{"href":"https:\/\/portaldeyoung.uy\/index.php\/wp-json\/wp\/v2\/media?parent=2381"}],"wp:term":[{"taxonomy":"category","embeddable":true,"href":"https:\/\/portaldeyoung.uy\/index.php\/wp-json\/wp\/v2\/categories?post=2381"},{"taxonomy":"post_tag","embeddable":true,"href":"https:\/\/portaldeyoung.uy\/index.php\/wp-json\/wp\/v2\/tags?post=2381"}],"curies":[{"name":"wp","href":"https:\/\/api.w.org\/{rel}","templated":true}]}}