{"id":2367,"date":"2025-08-13T10:25:50","date_gmt":"2025-08-13T10:25:50","guid":{"rendered":"https:\/\/portaldeyoung.uy\/?p=2367"},"modified":"2025-08-13T10:25:55","modified_gmt":"2025-08-13T10:25:55","slug":"convocatoria-al-dia-del-patrimonio-2025-en-rio-negro","status":"publish","type":"post","link":"https:\/\/portaldeyoung.uy\/index.php\/2025\/08\/13\/convocatoria-al-dia-del-patrimonio-2025-en-rio-negro\/","title":{"rendered":"Convocatoria al D\u00eda del Patrimonio 2025 en R\u00edo Negro"},"content":{"rendered":"\n<p>La Intendencia de R\u00edo Negro invita a instituciones, asociaciones y grupos ciudadanos a participar del <strong>D\u00eda del Patrimonio 2025<\/strong>, que se celebrar\u00e1 el <strong>4 y 5 de octubre<\/strong> bajo la consigna nacional <strong>\u201cBicentenario en todos los pagos\u201d<\/strong>.<\/p>\n\n\n\n<p>Se podr\u00e1n presentar actividades culturales, educativas, deportivas o recreativas que destaquen el patrimonio local.<br><br> <strong>Plazo para enviar propuestas:<\/strong> hasta el <strong>20 de setiembre<\/strong>.<br> <strong>Formulario disponible en:<\/strong> <a href=\"https:\/\/forms.gle\/bvY6kFGuXm1Vnjsz5\">https:\/\/forms.gle\/bvY6kFGuXm1Vnjsz5<\/a><\/p>\n","protected":false},"excerpt":{"rendered":"<p>La Intendencia de R\u00edo Negro invita a instituciones, asociaciones y grupos ciudadanos a participar del D\u00eda del Patrimonio 2025, que se celebrar\u00e1 el 4 y<\/p>\n","protected":false},"author":1,"featured_media":2368,"comment_status":"open","ping_status":"open","sticky":false,"template":"","format":"standard","meta":{"advgb_blocks_editor_width":"","advgb_blocks_columns_visual_guide":"","footnotes":"","jetpack_publicize_message":"","jetpack_publicize_feature_enabled":true,"jetpack_social_post_already_shared":true,"jetpack_social_options":{"image_generator_settings":{"template":"highway","default_image_id":0,"font":"","enabled":false},"version":2}},"categories":[6],"tags":[],"class_list":["post-2367","post","type-post","status-publish","format-standard","has-post-thumbnail","hentry","category-del-departamento"],"author_meta":{"display_name":"Portal","author_link":"https:\/\/portaldeyoung.uy\/index.php\/author\/admin_port\/"},"featured_img":"https:\/\/portaldeyoung.uy\/wp-content\/uploads\/2025\/08\/Patrimonio-300x168.jpg","jetpack_publicize_connections":[],"coauthors":[],"tax_additional":{"categories":{"linked":["<a href=\"https:\/\/portaldeyoung.uy\/index.php\/category\/del-departamento\/\" class=\"advgb-post-tax-term\">Del departamento<\/a>"],"unlinked":["<span class=\"advgb-post-tax-term\">Del departamento<\/span>"]}},"comment_count":"0","relative_dates":{"created":"Publicado 9 meses hace","modified":"Actualizado 9 meses hace"},"absolute_dates":{"created":"Publicado el agosto 13, 2025","modified":"Actualizado el agosto 13, 2025"},"absolute_dates_time":{"created":"Publicado el agosto 13, 2025 10:25 am","modified":"Actualizado el agosto 13, 2025 10:25 am"},"featured_img_caption":"","series_order":"","_links":{"self":[{"href":"https:\/\/portaldeyoung.uy\/index.php\/wp-json\/wp\/v2\/posts\/2367","targetHints":{"allow":["GET"]}}],"collection":[{"href":"https:\/\/portaldeyoung.uy\/index.php\/wp-json\/wp\/v2\/posts"}],"about":[{"href":"https:\/\/portaldeyoung.uy\/index.php\/wp-json\/wp\/v2\/types\/post"}],"author":[{"embeddable":true,"href":"https:\/\/portaldeyoung.uy\/index.php\/wp-json\/wp\/v2\/users\/1"}],"replies":[{"embeddable":true,"href":"https:\/\/portaldeyoung.uy\/index.php\/wp-json\/wp\/v2\/comments?post=2367"}],"version-history":[{"count":1,"href":"https:\/\/portaldeyoung.uy\/index.php\/wp-json\/wp\/v2\/posts\/2367\/revisions"}],"predecessor-version":[{"id":2369,"href":"https:\/\/portaldeyoung.uy\/index.php\/wp-json\/wp\/v2\/posts\/2367\/revisions\/2369"}],"wp:featuredmedia":[{"embeddable":true,"href":"https:\/\/portaldeyoung.uy\/index.php\/wp-json\/wp\/v2\/media\/2368"}],"wp:attachment":[{"href":"https:\/\/portaldeyoung.uy\/index.php\/wp-json\/wp\/v2\/media?parent=2367"}],"wp:term":[{"taxonomy":"category","embeddable":true,"href":"https:\/\/portaldeyoung.uy\/index.php\/wp-json\/wp\/v2\/categories?post=2367"},{"taxonomy":"post_tag","embeddable":true,"href":"https:\/\/portaldeyoung.uy\/index.php\/wp-json\/wp\/v2\/tags?post=2367"}],"curies":[{"name":"wp","href":"https:\/\/api.w.org\/{rel}","templated":true}]}}