{"id":2361,"date":"2025-08-13T10:10:18","date_gmt":"2025-08-13T10:10:18","guid":{"rendered":"https:\/\/portaldeyoung.uy\/?p=2361"},"modified":"2025-08-13T10:10:23","modified_gmt":"2025-08-13T10:10:23","slug":"pit-cnt-pretende-gravar-al-1-mas-rico-para-combatir-la-pobreza-infantil","status":"publish","type":"post","link":"https:\/\/portaldeyoung.uy\/index.php\/2025\/08\/13\/pit-cnt-pretende-gravar-al-1-mas-rico-para-combatir-la-pobreza-infantil\/","title":{"rendered":"Pit Cnt pretende gravar al 1 % m\u00e1s rico para combatir la pobreza infantil"},"content":{"rendered":"\n<p>Se realiz\u00f3 este martes el primer paro general parcial bajo el gobierno de Yamand\u00fa Orsi.<\/p>\n\n\n\n<p>El Pit Cnt realiz\u00f3 este martes su primer paro general parcial bajo el gobierno del presidente de la Rep\u00fablica, Yamand\u00fa Orsi, e insisti\u00f3 en su propuesta de gravar al 1 % m\u00e1s rico de la poblaci\u00f3n como medida para combatir la pobreza infantil.<\/p>\n\n\n\n<p>As\u00ed lo dijo el presidente de la central sindical, Marcelo Abdala, durante el discurso que brind\u00f3 durante la movilizaci\u00f3n realizada en la avenida 18 de Julio, a la que acudieron miles de personas.<\/p>\n\n\n\n<p>\u00abEstamos convencidos en primer lugar que es correcto darnos simult\u00e1neamente el fin de abatir la desigualdad y su producto: la pobreza. En particular la pobreza infantil, que insulta las mejores tradiciones democr\u00e1ticas de nuestro pueblo\u00bb, afirm\u00f3.<\/p>\n\n\n\n<p>En ese sentido, apunt\u00f3 que, con todo el conocimiento t\u00e9cnico disponible, la central sindical propuso e insiste en la necesidad de un tributo que grave al 1 % m\u00e1s rico de la sociedad, unas 25.000 personas con patrimonios superiores al mill\u00f3n de d\u00f3lares.<\/p>\n\n\n\n<p>\u00abEstar\u00eda recabando aproximadamente el 1 % del Producto Interno Bruto y resolver\u00eda un impulso importante para sostener el grueso de pol\u00edticas que inmediatamente vuelven al mercado interno\u00bb, puntualiz\u00f3 Abdala.<\/p>\n\n\n\n<p>Asimismo, dijo que por el momento no escuch\u00f3 ning\u00fan fundamento de fondo que pueda oponerse a dicha pr\u00e1ctica.<\/p>\n\n\n\n<p>El pasado 24 de junio, el Pit Cnt le plante\u00f3 al presidente Orsi la posibilidad de imponer un tributo al 1 % m\u00e1s rico de la sociedad. No obstante, el mandatario indic\u00f3 pocos d\u00edas despu\u00e9s que no piensa poner ese impuesto y lo reiter\u00f3 el pasado 7 de agosto.<\/p>\n\n\n\n<p>Durante su oratoria de este martes, Abdala tambi\u00e9n reiter\u00f3 que la central pretende que la jornada laboral en Uruguay se reduzca hasta las 40 horas semanales con pago de 48 horas.<\/p>\n\n\n\n<p>\u00abEso le hace bien a la salud laboral, a la equidad de g\u00e9nero, al clima laboral en las empresas y a la propia productividad del trabajo\u00bb, concluy\u00f3 el presidente sindical.<\/p>\n\n\n\n<p>Bajo la consigna: &#8216;El pueblo primero. M\u00e1s trabajo y salario, mejor Uruguay&#8217;, el Pit Cnt celebr\u00f3 en esta jornada el primer paro de todos los trabajadores en el actual per\u00edodo de gobierno.<\/p>\n\n\n\n<p>El 8 de marzo, en el marco del D\u00eda Internacional de la Mujer, tambi\u00e9n se convoc\u00f3 un paro, pero en esa ocasi\u00f3n fue solo de mujeres.<\/p>\n\n\n\n<p><em>*Texto y foto: EFE<\/em><\/p>\n","protected":false},"excerpt":{"rendered":"<p>Se realiz\u00f3 este martes el primer paro general parcial bajo el gobierno de Yamand\u00fa Orsi. El Pit Cnt realiz\u00f3 este martes su primer paro general<\/p>\n","protected":false},"author":1,"featured_media":2362,"comment_status":"open","ping_status":"open","sticky":false,"template":"","format":"standard","meta":{"advgb_blocks_editor_width":"","advgb_blocks_columns_visual_guide":"","footnotes":"","jetpack_publicize_message":"","jetpack_publicize_feature_enabled":true,"jetpack_social_post_already_shared":true,"jetpack_social_options":{"image_generator_settings":{"template":"highway","default_image_id":0,"font":"","enabled":false},"version":2}},"categories":[7],"tags":[],"class_list":["post-2361","post","type-post","status-publish","format-standard","has-post-thumbnail","hentry","category-del-pais"],"author_meta":{"display_name":"Portal","author_link":"https:\/\/portaldeyoung.uy\/index.php\/author\/admin_port\/"},"featured_img":"https:\/\/portaldeyoung.uy\/wp-content\/uploads\/2025\/08\/PIT-CNT-acto-300x126.png","jetpack_publicize_connections":[],"coauthors":[],"tax_additional":{"categories":{"linked":["<a href=\"https:\/\/portaldeyoung.uy\/index.php\/category\/del-pais\/\" class=\"advgb-post-tax-term\">Del pa\u00eds<\/a>"],"unlinked":["<span class=\"advgb-post-tax-term\">Del pa\u00eds<\/span>"]}},"comment_count":"0","relative_dates":{"created":"Publicado 9 meses hace","modified":"Actualizado 9 meses hace"},"absolute_dates":{"created":"Publicado el agosto 13, 2025","modified":"Actualizado el agosto 13, 2025"},"absolute_dates_time":{"created":"Publicado el agosto 13, 2025 10:10 am","modified":"Actualizado el agosto 13, 2025 10:10 am"},"featured_img_caption":"","series_order":"","_links":{"self":[{"href":"https:\/\/portaldeyoung.uy\/index.php\/wp-json\/wp\/v2\/posts\/2361","targetHints":{"allow":["GET"]}}],"collection":[{"href":"https:\/\/portaldeyoung.uy\/index.php\/wp-json\/wp\/v2\/posts"}],"about":[{"href":"https:\/\/portaldeyoung.uy\/index.php\/wp-json\/wp\/v2\/types\/post"}],"author":[{"embeddable":true,"href":"https:\/\/portaldeyoung.uy\/index.php\/wp-json\/wp\/v2\/users\/1"}],"replies":[{"embeddable":true,"href":"https:\/\/portaldeyoung.uy\/index.php\/wp-json\/wp\/v2\/comments?post=2361"}],"version-history":[{"count":1,"href":"https:\/\/portaldeyoung.uy\/index.php\/wp-json\/wp\/v2\/posts\/2361\/revisions"}],"predecessor-version":[{"id":2363,"href":"https:\/\/portaldeyoung.uy\/index.php\/wp-json\/wp\/v2\/posts\/2361\/revisions\/2363"}],"wp:featuredmedia":[{"embeddable":true,"href":"https:\/\/portaldeyoung.uy\/index.php\/wp-json\/wp\/v2\/media\/2362"}],"wp:attachment":[{"href":"https:\/\/portaldeyoung.uy\/index.php\/wp-json\/wp\/v2\/media?parent=2361"}],"wp:term":[{"taxonomy":"category","embeddable":true,"href":"https:\/\/portaldeyoung.uy\/index.php\/wp-json\/wp\/v2\/categories?post=2361"},{"taxonomy":"post_tag","embeddable":true,"href":"https:\/\/portaldeyoung.uy\/index.php\/wp-json\/wp\/v2\/tags?post=2361"}],"curies":[{"name":"wp","href":"https:\/\/api.w.org\/{rel}","templated":true}]}}