{"id":2349,"date":"2025-08-12T10:06:31","date_gmt":"2025-08-12T10:06:31","guid":{"rendered":"https:\/\/portaldeyoung.uy\/?p=2349"},"modified":"2025-08-13T10:32:14","modified_gmt":"2025-08-13T10:32:14","slug":"anoche-accidente-de-transito-en-18-de-julio-y-tacuarembo","status":"publish","type":"post","link":"https:\/\/portaldeyoung.uy\/index.php\/2025\/08\/12\/anoche-accidente-de-transito-en-18-de-julio-y-tacuarembo\/","title":{"rendered":"Anoche accidente de tr\u00e1nsito en 18 de Julio y Tacuaremb\u00f3"},"content":{"rendered":"\n<p>Pudimos saber que se produjo un nuevo siniestro de tr\u00e1nsito en la jornada de ayer lunes, sobre las 19:30 en 18 de Julio casi Tacuaremb\u00f3,  la colisi\u00f3n que ilustra la foto de \u00e9ste art\u00edculo del Portal de Young.  Aguardamos la informaci\u00f3n oficial de Jefatura de Polic\u00eda de R\u00edo Negro para conocer mayores detalles del hecho.<\/p>\n\n\n\n<p>Tal como lo inform\u00e1ramos de forma extraoficial en nuestro diario digital,  se registraron dos siniestros de tr\u00e1nsito con personas lesionadas en la ciudad de Young.<\/p>\n\n\n\n<p>El primero de ellos ocurri\u00f3 en la intersecci\u00f3n de calles Rinc\u00f3n y R\u00edo Negro, donde colisionaron una moto y un auto. El autom\u00f3vil, conducido por un hombre mayor de edad de iniciales O.B.A., circulaba por calle Rinc\u00f3n de oeste a este y, al llegar al cruce con calle R\u00edo Negro, impact\u00f3 contra una moto que transitaba de norte a sur. Seg\u00fan se indic\u00f3, el conductor del auto no alcanz\u00f3 a visualizar el birrodado, produci\u00e9ndose el choque en la parte frontal del veh\u00edculo y lateral de la moto.<\/p>\n\n\n\n<p>A ra\u00edz del impacto, los ocupantes de la moto \u2014un hombre identificado por las iniciales C.M.B.D. y un adolescente\u2014 cayeron al pavimento y fueron trasladados por una unidad de emergencia m\u00f3vil a un centro asistencial. La Fiscal\u00eda dispuso que ambos veh\u00edculos quedaran incautados, se tomara declaraci\u00f3n a los ocupantes de la moto, se revisaran registros de c\u00e1maras y se identificara a testigos presenciales por parte de los funcionarios policiales.<\/p>\n\n\n\n<p>El segundo siniestro se registr\u00f3 en calles Rivera y Las Piedras, siendo protagonista una moto conducida por una mujer mayor de edad de iniciales N.P., quien viajaba junto a su hija menor. Ambas circulaban por calle Las  Piedras de oeste a este y, al llegar al cruce con calle Rivera, impactaron contra un auto conducido por otra mujer mayor de edad, de iniciales N.C., que circulaba de norte a sur.<\/p>\n\n\n\n<p>Las ocupantes de la moto fueron asistidas en el lugar y trasladadas por una unidad de emergencia m\u00f3vil para su valoraci\u00f3n m\u00e9dica. Se realiz\u00f3 control de documentaci\u00f3n y pruebas de espirometr\u00eda a ambas conductoras, arrojando resultados negativos.<\/p>\n","protected":false},"excerpt":{"rendered":"<p>Pudimos saber que se produjo un nuevo siniestro de tr\u00e1nsito en la jornada de ayer lunes, sobre las 19:30 en 18 de Julio casi Tacuaremb\u00f3,<\/p>\n","protected":false},"author":1,"featured_media":2350,"comment_status":"open","ping_status":"open","sticky":false,"template":"","format":"standard","meta":{"advgb_blocks_editor_width":"","advgb_blocks_columns_visual_guide":"","footnotes":"","jetpack_publicize_message":"","jetpack_publicize_feature_enabled":true,"jetpack_social_post_already_shared":true,"jetpack_social_options":{"image_generator_settings":{"template":"highway","default_image_id":0,"font":"","enabled":false},"version":2}},"categories":[4],"tags":[],"class_list":["post-2349","post","type-post","status-publish","format-standard","has-post-thumbnail","hentry","category-de-aca"],"author_meta":{"display_name":"Portal","author_link":"https:\/\/portaldeyoung.uy\/index.php\/author\/admin_port\/"},"featured_img":"https:\/\/portaldeyoung.uy\/wp-content\/uploads\/2025\/08\/accidente-18-y-tbo-300x117.jpg","jetpack_publicize_connections":[],"coauthors":[],"tax_additional":{"categories":{"linked":["<a href=\"https:\/\/portaldeyoung.uy\/index.php\/category\/de-aca\/\" class=\"advgb-post-tax-term\">De ac\u00e1<\/a>"],"unlinked":["<span class=\"advgb-post-tax-term\">De ac\u00e1<\/span>"]}},"comment_count":"0","relative_dates":{"created":"Publicado 9 meses hace","modified":"Actualizado 9 meses hace"},"absolute_dates":{"created":"Publicado el agosto 12, 2025","modified":"Actualizado el agosto 13, 2025"},"absolute_dates_time":{"created":"Publicado el agosto 12, 2025 10:06 am","modified":"Actualizado el agosto 13, 2025 10:32 am"},"featured_img_caption":"","series_order":"","_links":{"self":[{"href":"https:\/\/portaldeyoung.uy\/index.php\/wp-json\/wp\/v2\/posts\/2349","targetHints":{"allow":["GET"]}}],"collection":[{"href":"https:\/\/portaldeyoung.uy\/index.php\/wp-json\/wp\/v2\/posts"}],"about":[{"href":"https:\/\/portaldeyoung.uy\/index.php\/wp-json\/wp\/v2\/types\/post"}],"author":[{"embeddable":true,"href":"https:\/\/portaldeyoung.uy\/index.php\/wp-json\/wp\/v2\/users\/1"}],"replies":[{"embeddable":true,"href":"https:\/\/portaldeyoung.uy\/index.php\/wp-json\/wp\/v2\/comments?post=2349"}],"version-history":[{"count":1,"href":"https:\/\/portaldeyoung.uy\/index.php\/wp-json\/wp\/v2\/posts\/2349\/revisions"}],"predecessor-version":[{"id":2351,"href":"https:\/\/portaldeyoung.uy\/index.php\/wp-json\/wp\/v2\/posts\/2349\/revisions\/2351"}],"wp:featuredmedia":[{"embeddable":true,"href":"https:\/\/portaldeyoung.uy\/index.php\/wp-json\/wp\/v2\/media\/2350"}],"wp:attachment":[{"href":"https:\/\/portaldeyoung.uy\/index.php\/wp-json\/wp\/v2\/media?parent=2349"}],"wp:term":[{"taxonomy":"category","embeddable":true,"href":"https:\/\/portaldeyoung.uy\/index.php\/wp-json\/wp\/v2\/categories?post=2349"},{"taxonomy":"post_tag","embeddable":true,"href":"https:\/\/portaldeyoung.uy\/index.php\/wp-json\/wp\/v2\/tags?post=2349"}],"curies":[{"name":"wp","href":"https:\/\/api.w.org\/{rel}","templated":true}]}}