{"id":2340,"date":"2025-08-12T09:23:46","date_gmt":"2025-08-12T09:23:46","guid":{"rendered":"https:\/\/portaldeyoung.uy\/?p=2340"},"modified":"2025-08-13T10:31:59","modified_gmt":"2025-08-13T10:31:59","slug":"sociedad-rural-de-rio-negro-prepara-su-asamblea-anual-y-actividades-de-capacitacion","status":"publish","type":"post","link":"https:\/\/portaldeyoung.uy\/index.php\/2025\/08\/12\/sociedad-rural-de-rio-negro-prepara-su-asamblea-anual-y-actividades-de-capacitacion\/","title":{"rendered":"Sociedad Rural de R\u00edo Negro prepara su Asamblea Anual y actividades de capacitaci\u00f3n"},"content":{"rendered":"\n<p>La Sociedad Rural de R\u00edo Negro se encuentra ultimando detalles para su Asamblea Anual, que tendr\u00e1 lugar el pr\u00f3ximo <strong>mi\u00e9rcoles 13<\/strong> en su sede. En di\u00e1logo con el <em>Portal de Young<\/em>,  Virginia Mahilos indic\u00f3 que este encuentro,  refleja el a\u00f1o calendario anterior \u2014en este caso, el 2024\u2014, es la instancia para realizar la memoria y balance de lo actuado, destacando especialmente el posicionamiento del <strong>Centro de Capacitaci\u00f3n Agropecuaria (CCA)<\/strong>.<\/p>\n\n\n\n<p>Mahilos subray\u00f3 que el CCA se ha consolidado como un centro de capacitaci\u00f3n reconocido a nivel nacional, constituy\u00e9ndose en un punto de referencia para actividades del sector agropecuario. El respaldo de las empresas e instituciones que lo integran ha sido clave para este fortalecimiento.<\/p>\n\n\n\n<p>Al t\u00e9rmino de la Asamblea, se ofrecer\u00e1 una charla a cargo de profesionales sobre la situaci\u00f3n actual de los sectores agr\u00edcola y ganadero.<\/p>\n\n\n\n<p>Adem\u00e1s, la instituci\u00f3n ha organizado una agenda de actividades complementarias:<\/p>\n\n\n\n<ul class=\"wp-block-list\">\n<li><strong>Martes 12<\/strong> \u2013 Desde la hora 9:00, lanzamiento de drones de una empresa local, con charla explicativa.<\/li>\n\n\n\n<li><strong>Viernes 15<\/strong> \u2013 Curso presencial desde las 8:00; los interesados pueden comunicarse con Gonzalo Medina para m\u00e1s informaci\u00f3n.<\/li>\n\n\n\n<li><strong>Semana pr\u00f3xima<\/strong> \u2013 Curso del Ministerio de Ganader\u00eda, Agricultura y Pesca para aplicadores profesionales de fitosanitarios. Este taller es obligatorio para quienes desempe\u00f1en \u00e9sta labor, se desarrollar\u00e1 durante tres d\u00edas y cuenta con cupos limitados, por lo que se requiere inscripci\u00f3n previa.<\/li>\n<\/ul>\n\n\n\n<p><strong>Entrevista AUDIO:<\/strong><\/p>\n\n\n\n<figure class=\"wp-block-audio\"><audio controls src=\"https:\/\/portaldeyoung.uy\/wp-content\/uploads\/2025\/08\/Virginia-mahilos.mp3\"><\/audio><\/figure>\n","protected":false},"excerpt":{"rendered":"<p>La Sociedad Rural de R\u00edo Negro se encuentra ultimando detalles para su Asamblea Anual, que tendr\u00e1 lugar el pr\u00f3ximo mi\u00e9rcoles 13 en su sede. En<\/p>\n","protected":false},"author":1,"featured_media":2342,"comment_status":"open","ping_status":"open","sticky":false,"template":"","format":"standard","meta":{"advgb_blocks_editor_width":"","advgb_blocks_columns_visual_guide":"","footnotes":"","jetpack_publicize_message":"","jetpack_publicize_feature_enabled":true,"jetpack_social_post_already_shared":true,"jetpack_social_options":{"image_generator_settings":{"template":"highway","default_image_id":0,"font":"","enabled":false},"version":2}},"categories":[4],"tags":[],"class_list":["post-2340","post","type-post","status-publish","format-standard","has-post-thumbnail","hentry","category-de-aca"],"author_meta":{"display_name":"Portal","author_link":"https:\/\/portaldeyoung.uy\/index.php\/author\/admin_port\/"},"featured_img":"https:\/\/portaldeyoung.uy\/wp-content\/uploads\/2025\/08\/SRRN-asamblea-300x122.jpg","jetpack_publicize_connections":[],"coauthors":[],"tax_additional":{"categories":{"linked":["<a href=\"https:\/\/portaldeyoung.uy\/index.php\/category\/de-aca\/\" class=\"advgb-post-tax-term\">De ac\u00e1<\/a>"],"unlinked":["<span class=\"advgb-post-tax-term\">De ac\u00e1<\/span>"]}},"comment_count":"0","relative_dates":{"created":"Publicado 9 meses hace","modified":"Actualizado 9 meses hace"},"absolute_dates":{"created":"Publicado el agosto 12, 2025","modified":"Actualizado el agosto 13, 2025"},"absolute_dates_time":{"created":"Publicado el agosto 12, 2025 9:23 am","modified":"Actualizado el agosto 13, 2025 10:31 am"},"featured_img_caption":"","series_order":"","_links":{"self":[{"href":"https:\/\/portaldeyoung.uy\/index.php\/wp-json\/wp\/v2\/posts\/2340","targetHints":{"allow":["GET"]}}],"collection":[{"href":"https:\/\/portaldeyoung.uy\/index.php\/wp-json\/wp\/v2\/posts"}],"about":[{"href":"https:\/\/portaldeyoung.uy\/index.php\/wp-json\/wp\/v2\/types\/post"}],"author":[{"embeddable":true,"href":"https:\/\/portaldeyoung.uy\/index.php\/wp-json\/wp\/v2\/users\/1"}],"replies":[{"embeddable":true,"href":"https:\/\/portaldeyoung.uy\/index.php\/wp-json\/wp\/v2\/comments?post=2340"}],"version-history":[{"count":2,"href":"https:\/\/portaldeyoung.uy\/index.php\/wp-json\/wp\/v2\/posts\/2340\/revisions"}],"predecessor-version":[{"id":2348,"href":"https:\/\/portaldeyoung.uy\/index.php\/wp-json\/wp\/v2\/posts\/2340\/revisions\/2348"}],"wp:featuredmedia":[{"embeddable":true,"href":"https:\/\/portaldeyoung.uy\/index.php\/wp-json\/wp\/v2\/media\/2342"}],"wp:attachment":[{"href":"https:\/\/portaldeyoung.uy\/index.php\/wp-json\/wp\/v2\/media?parent=2340"}],"wp:term":[{"taxonomy":"category","embeddable":true,"href":"https:\/\/portaldeyoung.uy\/index.php\/wp-json\/wp\/v2\/categories?post=2340"},{"taxonomy":"post_tag","embeddable":true,"href":"https:\/\/portaldeyoung.uy\/index.php\/wp-json\/wp\/v2\/tags?post=2340"}],"curies":[{"name":"wp","href":"https:\/\/api.w.org\/{rel}","templated":true}]}}