{"id":2251,"date":"2025-08-08T19:06:28","date_gmt":"2025-08-08T19:06:28","guid":{"rendered":"https:\/\/portaldeyoung.uy\/?p=2251"},"modified":"2025-08-08T19:09:59","modified_gmt":"2025-08-08T19:09:59","slug":"se-juega-la-tercer-fecha-de-la-liga-regional-de-voley-en-el-polideportivo","status":"publish","type":"post","link":"https:\/\/portaldeyoung.uy\/index.php\/2025\/08\/08\/se-juega-la-tercer-fecha-de-la-liga-regional-de-voley-en-el-polideportivo\/","title":{"rendered":"Se juega la tercer fecha de la Liga regional de voley en el Polideportivo"},"content":{"rendered":"\n<p>La liga regional de voley de Young, anuncia la tercer fecha del campeonato. Ser\u00e1 \u00e9ste domingo 10 de agosto desde la hora 10:00 en el Polideportivo, ubicado en la Plaza de Deportes.<\/p>\n\n\n\n<p>Se informa que en la oportunidad se har\u00e1 un minuto de silencio en memoria de Jes\u00fas Mart\u00edn Portillo Caraballo, recientemente fallecido.<\/p>\n\n\n\n<p><strong>TERCERA FECHA<\/strong> ::<br>DOMINGO 10 DE AGOSTO<\/p>\n\n\n\n<p>LUGAR :: polideportivo de PLAZA DE DEPORTES de la ciudad de YOUNG<\/p>\n\n\n\n<p>HORA DE COMIENZO 10:00<\/p>\n\n\n\n<p>Se realizara CANTINA en el cu\u00e1l estar\u00e1 a cargo del equipo de BUITRES VOLEY..<\/p>\n\n\n\n<p><strong><em>EQUIPOS PARTICIPANTES EN ESTA OCACI\u00d3N<\/em><\/strong> :<\/p>\n\n\n\n<p>RIVER DE SAN JAVIER\u2026<br>FUSIONADOS de ARROYO NEGRO\u2026<br>San Antonio de Paysand\u00fa<br>DREAM TEAM una fusi\u00f3n de chicos de Paysand\u00fa y young \u2026<\/p>\n\n\n\n<p>Alas 13 horas se har\u00e1 un minuto de silencio en memoria de Jes\u00fas Mart\u00edn Portillo Caraballo jugador de DEFENSORES,quien falleci\u00f3 el pasado domingo.<\/p>\n","protected":false},"excerpt":{"rendered":"<p>La liga regional de voley de Young, anuncia la tercer fecha del campeonato. Ser\u00e1 \u00e9ste domingo 10 de agosto desde la hora 10:00 en el<\/p>\n","protected":false},"author":1,"featured_media":1100,"comment_status":"open","ping_status":"open","sticky":false,"template":"","format":"standard","meta":{"advgb_blocks_editor_width":"","advgb_blocks_columns_visual_guide":"","footnotes":"","jetpack_publicize_message":"","jetpack_publicize_feature_enabled":true,"jetpack_social_post_already_shared":true,"jetpack_social_options":{"image_generator_settings":{"template":"highway","default_image_id":0,"font":"","enabled":false},"version":2}},"categories":[5],"tags":[],"class_list":["post-2251","post","type-post","status-publish","format-standard","has-post-thumbnail","hentry","category-de-la-tribuna"],"author_meta":{"display_name":"Portal","author_link":"https:\/\/portaldeyoung.uy\/index.php\/author\/admin_port\/"},"featured_img":"https:\/\/portaldeyoung.uy\/wp-content\/uploads\/2025\/07\/voley-300x169.jpg","jetpack_publicize_connections":[],"coauthors":[],"tax_additional":{"categories":{"linked":["<a href=\"https:\/\/portaldeyoung.uy\/index.php\/category\/de-la-tribuna\/\" class=\"advgb-post-tax-term\">De la tribuna<\/a>"],"unlinked":["<span class=\"advgb-post-tax-term\">De la tribuna<\/span>"]}},"comment_count":"0","relative_dates":{"created":"Publicado 9 meses hace","modified":"Actualizado 9 meses hace"},"absolute_dates":{"created":"Publicado el agosto 8, 2025","modified":"Actualizado el agosto 8, 2025"},"absolute_dates_time":{"created":"Publicado el agosto 8, 2025 7:06 pm","modified":"Actualizado el agosto 8, 2025 7:09 pm"},"featured_img_caption":"","series_order":"","_links":{"self":[{"href":"https:\/\/portaldeyoung.uy\/index.php\/wp-json\/wp\/v2\/posts\/2251","targetHints":{"allow":["GET"]}}],"collection":[{"href":"https:\/\/portaldeyoung.uy\/index.php\/wp-json\/wp\/v2\/posts"}],"about":[{"href":"https:\/\/portaldeyoung.uy\/index.php\/wp-json\/wp\/v2\/types\/post"}],"author":[{"embeddable":true,"href":"https:\/\/portaldeyoung.uy\/index.php\/wp-json\/wp\/v2\/users\/1"}],"replies":[{"embeddable":true,"href":"https:\/\/portaldeyoung.uy\/index.php\/wp-json\/wp\/v2\/comments?post=2251"}],"version-history":[{"count":2,"href":"https:\/\/portaldeyoung.uy\/index.php\/wp-json\/wp\/v2\/posts\/2251\/revisions"}],"predecessor-version":[{"id":2253,"href":"https:\/\/portaldeyoung.uy\/index.php\/wp-json\/wp\/v2\/posts\/2251\/revisions\/2253"}],"wp:featuredmedia":[{"embeddable":true,"href":"https:\/\/portaldeyoung.uy\/index.php\/wp-json\/wp\/v2\/media\/1100"}],"wp:attachment":[{"href":"https:\/\/portaldeyoung.uy\/index.php\/wp-json\/wp\/v2\/media?parent=2251"}],"wp:term":[{"taxonomy":"category","embeddable":true,"href":"https:\/\/portaldeyoung.uy\/index.php\/wp-json\/wp\/v2\/categories?post=2251"},{"taxonomy":"post_tag","embeddable":true,"href":"https:\/\/portaldeyoung.uy\/index.php\/wp-json\/wp\/v2\/tags?post=2251"}],"curies":[{"name":"wp","href":"https:\/\/api.w.org\/{rel}","templated":true}]}}