{"id":2243,"date":"2025-08-08T18:36:16","date_gmt":"2025-08-08T18:36:16","guid":{"rendered":"https:\/\/portaldeyoung.uy\/?p=2243"},"modified":"2025-08-08T19:10:49","modified_gmt":"2025-08-08T19:10:49","slug":"palmar-ute-invierte-en-mejoras-de-la-red-electrica-mas-de-4-millones-de-dolares","status":"publish","type":"post","link":"https:\/\/portaldeyoung.uy\/index.php\/2025\/08\/08\/palmar-ute-invierte-en-mejoras-de-la-red-electrica-mas-de-4-millones-de-dolares\/","title":{"rendered":"Palmar: UTE invierte en mejoras de la red el\u00e9ctrica m\u00e1s de 4 millones de d\u00f3lares"},"content":{"rendered":"\n<p>UTE ejecuta una inversi\u00f3n de 4 millones de d\u00f3lares en obras en R\u00edo Negro, inform\u00f3 el vicepresidente del ente, Roberto Bentancor en su visita a la capital departamental. Las obras forman parte del plan de mejoras t\u00e9cnicas en la red el\u00e9ctrica, tareas que se hacen en la zona de Palmar.<\/p>\n\n\n\n<p>Sobre el plan de inclusi\u00f3n, explic\u00f3 que aborda dos problemas: \u201cuno el humano, los accidentes que se dan y el otro el t\u00e9cnico con la rotura de l\u00edneas.\u201d En R\u00edo Negro quedan unas 100 familias por regularizar; a nivel nacional, son alrededor de 13.000 hogares pendientes, mientras que 80.000 ya fueron regularizados, detall\u00f3 el vicepresidente.<\/p>\n\n\n\n<p>Bentancor a\u00f1adi\u00f3 que, adem\u00e1s de las obras, existe una demanda de personal t\u00e9cnico: \u201cHay necesidad de personal. No es que falta al barrer, falta en la parte operativa. Creo que en algunos sectores est\u00e1n bien las tercerizaciones.\u201d<\/p>\n\n\n\n<p>Bentancor subray\u00f3 tambi\u00e9n el avance de los programas de eficiencia energ\u00e9tica: \u201cSeguimos con los planes de eficiencia energ\u00e9tica, tratamos de reducir costos para los hogares. UTE no puede quedar por fuera de ning\u00fan tema de transformaci\u00f3n energ\u00e9tica.\u201d<\/p>\n","protected":false},"excerpt":{"rendered":"<p>UTE ejecuta una inversi\u00f3n de 4 millones de d\u00f3lares en obras en R\u00edo Negro, inform\u00f3 el vicepresidente del ente, Roberto Bentancor en su visita a<\/p>\n","protected":false},"author":1,"featured_media":2244,"comment_status":"open","ping_status":"open","sticky":false,"template":"","format":"standard","meta":{"advgb_blocks_editor_width":"","advgb_blocks_columns_visual_guide":"","footnotes":"","jetpack_publicize_message":"","jetpack_publicize_feature_enabled":true,"jetpack_social_post_already_shared":true,"jetpack_social_options":{"image_generator_settings":{"template":"highway","default_image_id":0,"font":"","enabled":false},"version":2}},"categories":[6],"tags":[],"class_list":["post-2243","post","type-post","status-publish","format-standard","has-post-thumbnail","hentry","category-del-departamento"],"author_meta":{"display_name":"Portal","author_link":"https:\/\/portaldeyoung.uy\/index.php\/author\/admin_port\/"},"featured_img":"https:\/\/portaldeyoung.uy\/wp-content\/uploads\/2025\/08\/Palmar-300x200.jpg","jetpack_publicize_connections":[],"coauthors":[],"tax_additional":{"categories":{"linked":["<a href=\"https:\/\/portaldeyoung.uy\/index.php\/category\/del-departamento\/\" class=\"advgb-post-tax-term\">Del departamento<\/a>"],"unlinked":["<span class=\"advgb-post-tax-term\">Del departamento<\/span>"]}},"comment_count":"0","relative_dates":{"created":"Publicado 9 meses hace","modified":"Actualizado 9 meses hace"},"absolute_dates":{"created":"Publicado el agosto 8, 2025","modified":"Actualizado el agosto 8, 2025"},"absolute_dates_time":{"created":"Publicado el agosto 8, 2025 6:36 pm","modified":"Actualizado el agosto 8, 2025 7:10 pm"},"featured_img_caption":"default","series_order":"","_links":{"self":[{"href":"https:\/\/portaldeyoung.uy\/index.php\/wp-json\/wp\/v2\/posts\/2243","targetHints":{"allow":["GET"]}}],"collection":[{"href":"https:\/\/portaldeyoung.uy\/index.php\/wp-json\/wp\/v2\/posts"}],"about":[{"href":"https:\/\/portaldeyoung.uy\/index.php\/wp-json\/wp\/v2\/types\/post"}],"author":[{"embeddable":true,"href":"https:\/\/portaldeyoung.uy\/index.php\/wp-json\/wp\/v2\/users\/1"}],"replies":[{"embeddable":true,"href":"https:\/\/portaldeyoung.uy\/index.php\/wp-json\/wp\/v2\/comments?post=2243"}],"version-history":[{"count":2,"href":"https:\/\/portaldeyoung.uy\/index.php\/wp-json\/wp\/v2\/posts\/2243\/revisions"}],"predecessor-version":[{"id":2254,"href":"https:\/\/portaldeyoung.uy\/index.php\/wp-json\/wp\/v2\/posts\/2243\/revisions\/2254"}],"wp:featuredmedia":[{"embeddable":true,"href":"https:\/\/portaldeyoung.uy\/index.php\/wp-json\/wp\/v2\/media\/2244"}],"wp:attachment":[{"href":"https:\/\/portaldeyoung.uy\/index.php\/wp-json\/wp\/v2\/media?parent=2243"}],"wp:term":[{"taxonomy":"category","embeddable":true,"href":"https:\/\/portaldeyoung.uy\/index.php\/wp-json\/wp\/v2\/categories?post=2243"},{"taxonomy":"post_tag","embeddable":true,"href":"https:\/\/portaldeyoung.uy\/index.php\/wp-json\/wp\/v2\/tags?post=2243"}],"curies":[{"name":"wp","href":"https:\/\/api.w.org\/{rel}","templated":true}]}}