{"id":2194,"date":"2025-08-07T17:14:08","date_gmt":"2025-08-07T17:14:08","guid":{"rendered":"https:\/\/portaldeyoung.uy\/?p=2194"},"modified":"2025-08-07T17:14:13","modified_gmt":"2025-08-07T17:14:13","slug":"mas-de-cien-municiones-armas-y-mercaderia-en-infraccion-aduanera-incautada-en-operacion-shadow-ii-en-paysandu","status":"publish","type":"post","link":"https:\/\/portaldeyoung.uy\/index.php\/2025\/08\/07\/mas-de-cien-municiones-armas-y-mercaderia-en-infraccion-aduanera-incautada-en-operacion-shadow-ii-en-paysandu\/","title":{"rendered":"M\u00e1s de cien municiones, armas y mercader\u00eda en infracci\u00f3n aduanera incautada en operaci\u00f3n Shadow II en Paysand\u00fa"},"content":{"rendered":"\n<p>Por esta operaci\u00f3n hubo ocho detenidos, algunos de los cuales resultaron condenados, al tiempo que se formaliz\u00f3 la detenci\u00f3n para otros.<\/p>\n\n\n\n<p>En el marco de las actuaciones llevadas a cabo en la Jefatura de Polic\u00eda de Paysand\u00fa respecto al combate al Crimen Organizado (narcotr\u00e1fico, tr\u00e1fico internacional de armas, municiones y contrabando), en el mes de abril se puso en marcha la operaci\u00f3n Shadow II.<\/p>\n\n\n\n<p>Esta deriva de las actuaciones realizadas en la operaci\u00f3n Shadow I, que arroj\u00f3 como resultado varios formalizados por diferentes delitos conexos al comercio il\u00edcito de mercader\u00edas a trav\u00e9s del r\u00edo Uruguay.&nbsp;<\/p>\n\n\n\n<p>Una vez finalizados los trabajos de informaci\u00f3n, inteligencia y vigilancia en lugares abiertos (en una de las cuales result\u00f3 un polic\u00eda gravemente herido de arma de fuego, lo que ya fue aclarado judicialmente con cuatro condenados), la Fiscal\u00eda de Flagrancia de 1.\u00ba Turno y el Juzgado Letrado de 4.\u00ba Turno, emitieron \u00f3rdenes de allanamiento para 11 viviendas de Paysand\u00fa, Montevideo y Tacuaremb\u00f3, emitiendo ocho \u00f3rdenes de detenci\u00f3n para las personas involucradas.&nbsp;<\/p>\n\n\n\n<p>Durante los allanamientos se detuvo a estas personas, incautando m\u00e1s de 100 municiones de varios calibres, armas de fuego de distintos calibres, dinero en efectivo en moneda nacional, reales, pesos argentinos, celulares, mercader\u00eda en infracci\u00f3n aduanera, cigarrillos, handies, equipos de filmaci\u00f3n y DVR.<\/p>\n\n\n\n<p>Es de significar que con anterioridad se hab\u00eda ocupado una camioneta de alta gama con mercader\u00eda en infracci\u00f3n aduanera, directamente relacionada a la organizaci\u00f3n.&nbsp;<\/p>\n\n\n\n<p>Esta operaci\u00f3n ten\u00eda como objetivo principal desarticular una organizaci\u00f3n criminal con origen en un clan familiar que hace parte de la denominada \u00abMafia del R\u00edo\u00bb.<\/p>\n\n\n\n<p>Puestos los detenidos a disposici\u00f3n de la Justicia, se conden\u00f3 a M.E.M.B. por un delito continuado de contrabando, imponi\u00e9ndole una pena de 10 meses de prisi\u00f3n, a cumplirse en r\u00e9gimen de libertad a prueba.<\/p>\n\n\n\n<p>En cuanto a J.G.A.D.S. se lo conden\u00f3 por un delito tentado de contrabando especialmente agravado en r\u00e9gimen de reiteraci\u00f3n real, con un delito de asociaci\u00f3n para delinquir, imponi\u00e9ndole la pena de 10 meses de prisi\u00f3n, a cumplirse en r\u00e9gimen de libertad a prueba.<\/p>\n\n\n\n<p>Respecto a M.P.C.G. se lo conden\u00f3 como c\u00f3mplice de un delito continuado de contrabando especialmente agravado en r\u00e9gimen de reiteraci\u00f3n real en calidad de autora, con un delito de asociaci\u00f3n para delinquir y un delito de receptaci\u00f3n, imponi\u00e9ndole como pena 10 meses de prisi\u00f3n a cumplirse en r\u00e9gimen de libertad a prueba.<\/p>\n\n\n\n<figure class=\"wp-block-image size-full\"><img loading=\"lazy\" decoding=\"async\" width=\"945\" height=\"630\" src=\"https:\/\/portaldeyoung.uy\/wp-content\/uploads\/2025\/08\/mercaderia-contrabando-2.jpeg\" alt=\"\" class=\"wp-image-2196\" srcset=\"https:\/\/portaldeyoung.uy\/wp-content\/uploads\/2025\/08\/mercaderia-contrabando-2.jpeg 945w, https:\/\/portaldeyoung.uy\/wp-content\/uploads\/2025\/08\/mercaderia-contrabando-2-300x200.jpeg 300w, https:\/\/portaldeyoung.uy\/wp-content\/uploads\/2025\/08\/mercaderia-contrabando-2-768x512.jpeg 768w\" sizes=\"auto, (max-width: 945px) 100vw, 945px\" \/><\/figure>\n\n\n\n<p><\/p>\n\n\n\n<p>Para L.E.M.A. se lo conden\u00f3 como c\u00f3mplice de un delito continuado de contrabando especialmente agravado en r\u00e9gimen de reiteraci\u00f3n real en calidad de autora, con un delito de asociaci\u00f3n para delinquir, imponi\u00e9ndole como pena 10 meses de prisi\u00f3n, a cumplirse en r\u00e9gimen de libertad a prueba.<\/p>\n\n\n\n<p>Por otro lado, se formaliz\u00f3 la investigaci\u00f3n respecto a un hombre por la comisi\u00f3n de un delito continuado de contrabando especialmente agravado en r\u00e9gimen de reiteraci\u00f3n real, con un delito continuado de asociaci\u00f3n para delinquir especialmente agravado, un delito de tr\u00e1fico interno de armas de fuego y municiones, y un delito de porte o tenencia de armas, en calidad de autor, imponi\u00e9ndole medidas cautelares por el t\u00e9rmino de 120 d\u00edas.<\/p>\n\n\n\n<p>En cuanto a otro hombre, se formaliz\u00f3 su investigaci\u00f3n por la comisi\u00f3n de un delito continuado de contrabando especialmente agravado en r\u00e9gimen de reiteraci\u00f3n real, con un delito continuado de asociaci\u00f3n para delinquir y un delito de tr\u00e1fico interno de armas de fuego y municiones en calidad de autor, imponi\u00e9ndole medidas cautelares por el t\u00e9rmino de 120 d\u00edas.&nbsp;<\/p>\n\n\n\n<p>Respecto a una mujer, se formaliz\u00f3 su investigaci\u00f3n por la presunta comisi\u00f3n de un delito continuado de contrabando especialmente agravado, en r\u00e9gimen de reiteraci\u00f3n real con un delito continuado de asociaci\u00f3n para delinquir, y un delito de receptaci\u00f3n en calidad de autora, imponi\u00e9ndole medidas cautelares por el t\u00e9rmino de 120 d\u00edas.<\/p>\n\n\n\n<p>Para otro hombre se dispuso su formalizaci\u00f3n por la presunta comisi\u00f3n en calidad de coautor, de un delito continuado de contrabando especialmente agravado en r\u00e9gimen de reiteraci\u00f3n real, con un delito continuado de asociaci\u00f3n para delinquir en calidad de autor, imponi\u00e9ndole medidas cautelares por 120 d\u00edas.<\/p>\n\n\n\n<figure class=\"wp-block-video\"><video controls src=\"https:\/\/portaldeyoung.uy\/wp-content\/uploads\/2025\/08\/video-ministerio.mp4\"><\/video><\/figure>\n","protected":false},"excerpt":{"rendered":"<p>Por esta operaci\u00f3n hubo ocho detenidos, algunos de los cuales resultaron condenados, al tiempo que se formaliz\u00f3 la detenci\u00f3n para otros. En el marco de<\/p>\n","protected":false},"author":1,"featured_media":2195,"comment_status":"open","ping_status":"open","sticky":false,"template":"","format":"standard","meta":{"advgb_blocks_editor_width":"","advgb_blocks_columns_visual_guide":"","footnotes":"","jetpack_publicize_message":"","jetpack_publicize_feature_enabled":true,"jetpack_social_post_already_shared":true,"jetpack_social_options":{"image_generator_settings":{"template":"highway","default_image_id":0,"font":"","enabled":false},"version":2}},"categories":[7],"tags":[],"class_list":["post-2194","post","type-post","status-publish","format-standard","has-post-thumbnail","hentry","category-del-pais"],"author_meta":{"display_name":"Portal","author_link":"https:\/\/portaldeyoung.uy\/index.php\/author\/admin_port\/"},"featured_img":"https:\/\/portaldeyoung.uy\/wp-content\/uploads\/2025\/08\/mercaderia-contrabando-300x225.jpeg","jetpack_publicize_connections":[],"coauthors":[],"tax_additional":{"categories":{"linked":["<a href=\"https:\/\/portaldeyoung.uy\/index.php\/category\/del-pais\/\" class=\"advgb-post-tax-term\">Del pa\u00eds<\/a>"],"unlinked":["<span class=\"advgb-post-tax-term\">Del pa\u00eds<\/span>"]}},"comment_count":"0","relative_dates":{"created":"Publicado 9 meses hace","modified":"Actualizado 9 meses hace"},"absolute_dates":{"created":"Publicado el agosto 7, 2025","modified":"Actualizado el agosto 7, 2025"},"absolute_dates_time":{"created":"Publicado el agosto 7, 2025 5:14 pm","modified":"Actualizado el agosto 7, 2025 5:14 pm"},"featured_img_caption":"","series_order":"","_links":{"self":[{"href":"https:\/\/portaldeyoung.uy\/index.php\/wp-json\/wp\/v2\/posts\/2194","targetHints":{"allow":["GET"]}}],"collection":[{"href":"https:\/\/portaldeyoung.uy\/index.php\/wp-json\/wp\/v2\/posts"}],"about":[{"href":"https:\/\/portaldeyoung.uy\/index.php\/wp-json\/wp\/v2\/types\/post"}],"author":[{"embeddable":true,"href":"https:\/\/portaldeyoung.uy\/index.php\/wp-json\/wp\/v2\/users\/1"}],"replies":[{"embeddable":true,"href":"https:\/\/portaldeyoung.uy\/index.php\/wp-json\/wp\/v2\/comments?post=2194"}],"version-history":[{"count":1,"href":"https:\/\/portaldeyoung.uy\/index.php\/wp-json\/wp\/v2\/posts\/2194\/revisions"}],"predecessor-version":[{"id":2198,"href":"https:\/\/portaldeyoung.uy\/index.php\/wp-json\/wp\/v2\/posts\/2194\/revisions\/2198"}],"wp:featuredmedia":[{"embeddable":true,"href":"https:\/\/portaldeyoung.uy\/index.php\/wp-json\/wp\/v2\/media\/2195"}],"wp:attachment":[{"href":"https:\/\/portaldeyoung.uy\/index.php\/wp-json\/wp\/v2\/media?parent=2194"}],"wp:term":[{"taxonomy":"category","embeddable":true,"href":"https:\/\/portaldeyoung.uy\/index.php\/wp-json\/wp\/v2\/categories?post=2194"},{"taxonomy":"post_tag","embeddable":true,"href":"https:\/\/portaldeyoung.uy\/index.php\/wp-json\/wp\/v2\/tags?post=2194"}],"curies":[{"name":"wp","href":"https:\/\/api.w.org\/{rel}","templated":true}]}}