{"id":2171,"date":"2025-08-06T20:40:56","date_gmt":"2025-08-06T20:40:56","guid":{"rendered":"https:\/\/portaldeyoung.uy\/?p=2171"},"modified":"2025-08-06T20:41:38","modified_gmt":"2025-08-06T20:41:38","slug":"este-miercoles-van-los-partidos-suspendidos-del-futbol-local","status":"publish","type":"post","link":"https:\/\/portaldeyoung.uy\/index.php\/2025\/08\/06\/este-miercoles-van-los-partidos-suspendidos-del-futbol-local\/","title":{"rendered":"Este mi\u00e9rcoles van los partidos suspendidos del f\u00fatbol local"},"content":{"rendered":"\n<p>Como se recordar\u00e1 la fecha n\u00famero siete qued\u00f3 incompleta el fin de semana pasado. Los dirigentes de la Asociaci\u00f3n del F\u00fatbol de Young resolvieron jugarlos en la jornada de hoy mi\u00e9rcoles. <\/p>\n\n\n\n<p>Los encuentros tienen la hora de inicio igual, a las 20:30, Ferrocarril recibir\u00e1 en su Complejo Deportivo al club River Plate de San Javier.<\/p>\n\n\n\n<p>Por su parte en el Estadio Lavalleja los aurinegros de la villa, San Javier enfrentar\u00e1n a El Tr\u00e9bol. De \u00e9sta manera se complementa la fecha siete del clasificatorio. <\/p>\n\n\n\n<p><em>*Foto P\u00e1gina de Facebook del Club San Javier<\/em><\/p>\n","protected":false},"excerpt":{"rendered":"<p>Como se recordar\u00e1 la fecha n\u00famero siete qued\u00f3 incompleta el fin de semana pasado. Los dirigentes de la Asociaci\u00f3n del F\u00fatbol de Young resolvieron jugarlos<\/p>\n","protected":false},"author":1,"featured_media":2172,"comment_status":"open","ping_status":"open","sticky":false,"template":"","format":"standard","meta":{"advgb_blocks_editor_width":"","advgb_blocks_columns_visual_guide":"","footnotes":"","jetpack_publicize_message":"","jetpack_publicize_feature_enabled":true,"jetpack_social_post_already_shared":true,"jetpack_social_options":{"image_generator_settings":{"template":"highway","default_image_id":0,"font":"","enabled":false},"version":2}},"categories":[5],"tags":[],"class_list":["post-2171","post","type-post","status-publish","format-standard","has-post-thumbnail","hentry","category-de-la-tribuna"],"author_meta":{"display_name":"Portal","author_link":"https:\/\/portaldeyoung.uy\/index.php\/author\/admin_port\/"},"featured_img":"https:\/\/portaldeyoung.uy\/wp-content\/uploads\/2025\/08\/san-javier-futbol-300x138.jpg","jetpack_publicize_connections":[],"coauthors":[],"tax_additional":{"categories":{"linked":["<a href=\"https:\/\/portaldeyoung.uy\/index.php\/category\/de-la-tribuna\/\" class=\"advgb-post-tax-term\">De la tribuna<\/a>"],"unlinked":["<span class=\"advgb-post-tax-term\">De la tribuna<\/span>"]}},"comment_count":"0","relative_dates":{"created":"Publicado 9 meses hace","modified":"Actualizado 9 meses hace"},"absolute_dates":{"created":"Publicado el agosto 6, 2025","modified":"Actualizado el agosto 6, 2025"},"absolute_dates_time":{"created":"Publicado el agosto 6, 2025 8:40 pm","modified":"Actualizado el agosto 6, 2025 8:41 pm"},"featured_img_caption":"","series_order":"","_links":{"self":[{"href":"https:\/\/portaldeyoung.uy\/index.php\/wp-json\/wp\/v2\/posts\/2171","targetHints":{"allow":["GET"]}}],"collection":[{"href":"https:\/\/portaldeyoung.uy\/index.php\/wp-json\/wp\/v2\/posts"}],"about":[{"href":"https:\/\/portaldeyoung.uy\/index.php\/wp-json\/wp\/v2\/types\/post"}],"author":[{"embeddable":true,"href":"https:\/\/portaldeyoung.uy\/index.php\/wp-json\/wp\/v2\/users\/1"}],"replies":[{"embeddable":true,"href":"https:\/\/portaldeyoung.uy\/index.php\/wp-json\/wp\/v2\/comments?post=2171"}],"version-history":[{"count":2,"href":"https:\/\/portaldeyoung.uy\/index.php\/wp-json\/wp\/v2\/posts\/2171\/revisions"}],"predecessor-version":[{"id":2174,"href":"https:\/\/portaldeyoung.uy\/index.php\/wp-json\/wp\/v2\/posts\/2171\/revisions\/2174"}],"wp:featuredmedia":[{"embeddable":true,"href":"https:\/\/portaldeyoung.uy\/index.php\/wp-json\/wp\/v2\/media\/2172"}],"wp:attachment":[{"href":"https:\/\/portaldeyoung.uy\/index.php\/wp-json\/wp\/v2\/media?parent=2171"}],"wp:term":[{"taxonomy":"category","embeddable":true,"href":"https:\/\/portaldeyoung.uy\/index.php\/wp-json\/wp\/v2\/categories?post=2171"},{"taxonomy":"post_tag","embeddable":true,"href":"https:\/\/portaldeyoung.uy\/index.php\/wp-json\/wp\/v2\/tags?post=2171"}],"curies":[{"name":"wp","href":"https:\/\/api.w.org\/{rel}","templated":true}]}}