{"id":2164,"date":"2025-08-06T20:15:10","date_gmt":"2025-08-06T20:15:10","guid":{"rendered":"https:\/\/portaldeyoung.uy\/?p=2164"},"modified":"2025-08-06T20:15:13","modified_gmt":"2025-08-06T20:15:13","slug":"comunicado-de-la-intendencia-para-beneficios-de-retiro-incentivado","status":"publish","type":"post","link":"https:\/\/portaldeyoung.uy\/index.php\/2025\/08\/06\/comunicado-de-la-intendencia-para-beneficios-de-retiro-incentivado\/","title":{"rendered":"COMUNICADO de la Intendencia para beneficios de retiro incentivado"},"content":{"rendered":"\n<p><strong>La Intendencia de R\u00edo Negro informa a los beneficiarios del retiro incentivado que, en la liquidaci\u00f3n de julio \u2014que se paga este jueves 7 de agosto\u2014, se actualizar\u00e1n los b\u00e1sicos jubilatorios con los datos oficiales del Banco de Previsi\u00f3n Social.<\/strong><\/p>\n\n\n\n<p>Esto implica una actualizaci\u00f3n para que cada persona cobre lo que realmente le corresponde. Quienes no hayan presentado su recibo de jubilaci\u00f3n recientemente podr\u00edan notar cambios en el monto.<\/p>\n\n\n\n<p>Para quienes lo necesiten, y con la colaboraci\u00f3n de ADEOM, se habilit\u00f3 la posibilidad de pedir un adelanto, que luego se descontar\u00e1 en cuotas.<\/p>\n","protected":false},"excerpt":{"rendered":"<p>La Intendencia de R\u00edo Negro informa a los beneficiarios del retiro incentivado que, en la liquidaci\u00f3n de julio \u2014que se paga este jueves 7 de<\/p>\n","protected":false},"author":1,"featured_media":2165,"comment_status":"open","ping_status":"open","sticky":false,"template":"","format":"standard","meta":{"advgb_blocks_editor_width":"","advgb_blocks_columns_visual_guide":"","footnotes":"","jetpack_publicize_message":"","jetpack_publicize_feature_enabled":true,"jetpack_social_post_already_shared":true,"jetpack_social_options":{"image_generator_settings":{"template":"highway","default_image_id":0,"font":"","enabled":false},"version":2}},"categories":[6],"tags":[],"class_list":["post-2164","post","type-post","status-publish","format-standard","has-post-thumbnail","hentry","category-del-departamento"],"author_meta":{"display_name":"Portal","author_link":"https:\/\/portaldeyoung.uy\/index.php\/author\/admin_port\/"},"featured_img":"https:\/\/portaldeyoung.uy\/wp-content\/uploads\/2025\/08\/COMUNICADO-IRN-300x169.jpg","jetpack_publicize_connections":[],"coauthors":[],"tax_additional":{"categories":{"linked":["<a href=\"https:\/\/portaldeyoung.uy\/index.php\/category\/del-departamento\/\" class=\"advgb-post-tax-term\">Del departamento<\/a>"],"unlinked":["<span class=\"advgb-post-tax-term\">Del departamento<\/span>"]}},"comment_count":"0","relative_dates":{"created":"Publicado 9 meses hace","modified":"Actualizado 9 meses hace"},"absolute_dates":{"created":"Publicado el agosto 6, 2025","modified":"Actualizado el agosto 6, 2025"},"absolute_dates_time":{"created":"Publicado el agosto 6, 2025 8:15 pm","modified":"Actualizado el agosto 6, 2025 8:15 pm"},"featured_img_caption":"","series_order":"","_links":{"self":[{"href":"https:\/\/portaldeyoung.uy\/index.php\/wp-json\/wp\/v2\/posts\/2164","targetHints":{"allow":["GET"]}}],"collection":[{"href":"https:\/\/portaldeyoung.uy\/index.php\/wp-json\/wp\/v2\/posts"}],"about":[{"href":"https:\/\/portaldeyoung.uy\/index.php\/wp-json\/wp\/v2\/types\/post"}],"author":[{"embeddable":true,"href":"https:\/\/portaldeyoung.uy\/index.php\/wp-json\/wp\/v2\/users\/1"}],"replies":[{"embeddable":true,"href":"https:\/\/portaldeyoung.uy\/index.php\/wp-json\/wp\/v2\/comments?post=2164"}],"version-history":[{"count":1,"href":"https:\/\/portaldeyoung.uy\/index.php\/wp-json\/wp\/v2\/posts\/2164\/revisions"}],"predecessor-version":[{"id":2166,"href":"https:\/\/portaldeyoung.uy\/index.php\/wp-json\/wp\/v2\/posts\/2164\/revisions\/2166"}],"wp:featuredmedia":[{"embeddable":true,"href":"https:\/\/portaldeyoung.uy\/index.php\/wp-json\/wp\/v2\/media\/2165"}],"wp:attachment":[{"href":"https:\/\/portaldeyoung.uy\/index.php\/wp-json\/wp\/v2\/media?parent=2164"}],"wp:term":[{"taxonomy":"category","embeddable":true,"href":"https:\/\/portaldeyoung.uy\/index.php\/wp-json\/wp\/v2\/categories?post=2164"},{"taxonomy":"post_tag","embeddable":true,"href":"https:\/\/portaldeyoung.uy\/index.php\/wp-json\/wp\/v2\/tags?post=2164"}],"curies":[{"name":"wp","href":"https:\/\/api.w.org\/{rel}","templated":true}]}}