{"id":2153,"date":"2025-08-06T19:56:07","date_gmt":"2025-08-06T19:56:07","guid":{"rendered":"https:\/\/portaldeyoung.uy\/?p=2153"},"modified":"2025-08-06T19:56:12","modified_gmt":"2025-08-06T19:56:12","slug":"egresaron-134-bomberos-en-ceremonia-marcada-por-el-compromiso-con-la-vida","status":"publish","type":"post","link":"https:\/\/portaldeyoung.uy\/index.php\/2025\/08\/06\/egresaron-134-bomberos-en-ceremonia-marcada-por-el-compromiso-con-la-vida\/","title":{"rendered":"Egresaron 134 bomberos en ceremonia marcada por el compromiso con la vida"},"content":{"rendered":"\n<p>En un acto cargado de emoci\u00f3n, sentido homenaje y orgullo institucional, la Direcci\u00f3n Nacional de Bomberos celebr\u00f3 el egreso de 134 nuevos funcionarios \u2014126 hombres y 8 mujeres\u2014 que a partir de ahora integrar\u00e1n activamente el cuerpo de bomberos de nuestro pa\u00eds.<\/p>\n\n\n\n<p>La ceremonia estuvo especialmente marcada por el recuerdo del subcomisario Gonzalo Ocampo, fallecido en enero de este a\u00f1o mientras cumpl\u00eda funciones como jefe del Destacamento de<br>Tacuaremb\u00f3. En su honor, esta nueva generaci\u00f3n de bomberos lleva el nombre de su tanda, y su memoria fue destacada con palabras sentidas y un reconocimiento entregado a sus familiares.<\/p>\n\n\n\n<p>Estuvieron presentes autoridades del Ministerio del Interior, entre ellas el ministro Carlos Negro, la subsecretaria Gabriela Valverde, el director de la Polic\u00eda Nacional, Comisario General (R) Jos\u00e9 Manuel Azambuya, y el subdirector general de Secretar\u00eda, Rub\u00e9n Amato, entre otros jerarcas.<\/p>\n\n\n\n<p>Los nuevos bomberos ser\u00e1n destinados principalmente a destacamentos del Interior. Esta distribuci\u00f3n busca fortalecer la respuesta operativa en zonas clave del territorio nacional.<\/p>\n\n\n\n<p>Durante el acto, el jefe del Departamento de Cursos y Estudios, Carlos Gim\u00e9nez, destac\u00f3 el trabajo de m\u00e1s de 70 instructores y docentes que, en forma honoraria, dedicaron m\u00e1s de 1.000 horas a la formaci\u00f3n de esta nueva camada. \u201cLo hicieron con compromiso, vocaci\u00f3n de servicio e idoneidad t\u00e9cnica\u201d, subray\u00f3, y tambi\u00e9n comparti\u00f3 un mensaje directo a los flamantes bomberos: \u201cA partir de ma\u00f1ana, cada uno de ustedes puede marcar la diferencia entre la vida y la muerte de un ciudadano an\u00f3nimo. Recuerden siempre que son del pueblo y para el pueblo\u201d.<\/p>\n\n\n\n<p>Adem\u00e1s, fueron entregadas distinciones a los alumnos con mejor desempe\u00f1o acad\u00e9mico, reconocimientos a monitores por su labor y premios honoris causa a docentes que demostraron compromiso y excelencia formativa.<\/p>\n\n\n\n<p>Por su parte, la directora nacional de Bomberos, comisario mayor Valeria Vasconcellos, destac\u00f3 que el egreso tiene un impacto directo en la operativa nacional. \u201cEste nuevo contingente permitir\u00e1 reducir la sobrecarga horaria de muchos funcionarios y mejorar el servicio a nivel nacional\u201d, dijo.<\/p>\n\n\n\n<p>La ceremonia culmin\u00f3 con el tradicional \u201cbautismo de agua\u201d, donde los egresados atravesaron el arco formado por dos chorros cruzados, s\u00edmbolo del inicio oficial de una carrera dedicada al servicio, el valor y la protecci\u00f3n de vidas ajenas. Un ritual que sella el compromiso de cada uno de ellos con una tarea que no conoce de horarios ni excusas.<\/p>\n","protected":false},"excerpt":{"rendered":"<p>En un acto cargado de emoci\u00f3n, sentido homenaje y orgullo institucional, la Direcci\u00f3n Nacional de Bomberos celebr\u00f3 el egreso de 134 nuevos funcionarios \u2014126 hombres<\/p>\n","protected":false},"author":1,"featured_media":2154,"comment_status":"open","ping_status":"open","sticky":false,"template":"","format":"standard","meta":{"advgb_blocks_editor_width":"","advgb_blocks_columns_visual_guide":"","footnotes":"","jetpack_publicize_message":"","jetpack_publicize_feature_enabled":true,"jetpack_social_post_already_shared":true,"jetpack_social_options":{"image_generator_settings":{"template":"highway","default_image_id":0,"font":"","enabled":false},"version":2}},"categories":[7],"tags":[],"class_list":["post-2153","post","type-post","status-publish","format-standard","has-post-thumbnail","hentry","category-del-pais"],"author_meta":{"display_name":"Portal","author_link":"https:\/\/portaldeyoung.uy\/index.php\/author\/admin_port\/"},"featured_img":"https:\/\/portaldeyoung.uy\/wp-content\/uploads\/2025\/08\/Bomberos-300x169.jpg","jetpack_publicize_connections":[],"coauthors":[],"tax_additional":{"categories":{"linked":["<a href=\"https:\/\/portaldeyoung.uy\/index.php\/category\/del-pais\/\" class=\"advgb-post-tax-term\">Del pa\u00eds<\/a>"],"unlinked":["<span class=\"advgb-post-tax-term\">Del pa\u00eds<\/span>"]}},"comment_count":"0","relative_dates":{"created":"Publicado 9 meses hace","modified":"Actualizado 9 meses hace"},"absolute_dates":{"created":"Publicado el agosto 6, 2025","modified":"Actualizado el agosto 6, 2025"},"absolute_dates_time":{"created":"Publicado el agosto 6, 2025 7:56 pm","modified":"Actualizado el agosto 6, 2025 7:56 pm"},"featured_img_caption":"","series_order":"","_links":{"self":[{"href":"https:\/\/portaldeyoung.uy\/index.php\/wp-json\/wp\/v2\/posts\/2153","targetHints":{"allow":["GET"]}}],"collection":[{"href":"https:\/\/portaldeyoung.uy\/index.php\/wp-json\/wp\/v2\/posts"}],"about":[{"href":"https:\/\/portaldeyoung.uy\/index.php\/wp-json\/wp\/v2\/types\/post"}],"author":[{"embeddable":true,"href":"https:\/\/portaldeyoung.uy\/index.php\/wp-json\/wp\/v2\/users\/1"}],"replies":[{"embeddable":true,"href":"https:\/\/portaldeyoung.uy\/index.php\/wp-json\/wp\/v2\/comments?post=2153"}],"version-history":[{"count":1,"href":"https:\/\/portaldeyoung.uy\/index.php\/wp-json\/wp\/v2\/posts\/2153\/revisions"}],"predecessor-version":[{"id":2155,"href":"https:\/\/portaldeyoung.uy\/index.php\/wp-json\/wp\/v2\/posts\/2153\/revisions\/2155"}],"wp:featuredmedia":[{"embeddable":true,"href":"https:\/\/portaldeyoung.uy\/index.php\/wp-json\/wp\/v2\/media\/2154"}],"wp:attachment":[{"href":"https:\/\/portaldeyoung.uy\/index.php\/wp-json\/wp\/v2\/media?parent=2153"}],"wp:term":[{"taxonomy":"category","embeddable":true,"href":"https:\/\/portaldeyoung.uy\/index.php\/wp-json\/wp\/v2\/categories?post=2153"},{"taxonomy":"post_tag","embeddable":true,"href":"https:\/\/portaldeyoung.uy\/index.php\/wp-json\/wp\/v2\/tags?post=2153"}],"curies":[{"name":"wp","href":"https:\/\/api.w.org\/{rel}","templated":true}]}}