{"id":2150,"date":"2025-08-06T19:53:39","date_gmt":"2025-08-06T19:53:39","guid":{"rendered":"https:\/\/portaldeyoung.uy\/?p=2150"},"modified":"2025-08-06T19:53:43","modified_gmt":"2025-08-06T19:53:43","slug":"un-arquitecto-murio-tras-caer-de-la-terraza-de-un-edificio-en-construccion-en-la-blanqueada","status":"publish","type":"post","link":"https:\/\/portaldeyoung.uy\/index.php\/2025\/08\/06\/un-arquitecto-murio-tras-caer-de-la-terraza-de-un-edificio-en-construccion-en-la-blanqueada\/","title":{"rendered":"Un arquitecto muri\u00f3 tras caer de la terraza de un edificio en construcci\u00f3n en La Blanqueada"},"content":{"rendered":"\n<p>El accidente laboral ocurri\u00f3 en la ma\u00f1ana de este mi\u00e9rcoles en un edificio que est\u00e1 en obra, pr\u00f3ximo a su inauguraci\u00f3n, en La Blanqueada.<\/p>\n\n\n\n<p>Un arquitecto de 58 a\u00f1os cay\u00f3 desde la terraza \u20136\u00b0 piso\u2013 de un edificio en construcci\u00f3n, y muri\u00f3. Ocurri\u00f3 en la ma\u00f1ana de este mi\u00e9rcoles en el barrio montevideano La Blanqueada.<\/p>\n\n\n\n<p>El edificio, ubicado en General Urquiza esquina Presidente Gir\u00f3, est\u00e1 en su etapa final de construcci\u00f3n, y ser\u00e1 inaugurado pr\u00f3ximamente. El hombre hab\u00eda ido al lugar para hacer una serie de inspecciones. Cay\u00f3 hacia un pozo de aire, dijeron fuentes del caso a <em>Subrayado<\/em>.<\/p>\n\n\n\n<p>Trabaj\u00f3 en el lugar la Polic\u00eda Cient\u00edfica, haciendo un relevamiento de evidencias. La Fiscal\u00eda asumir\u00e1 la investigaci\u00f3n y buscar\u00e1 determinar qu\u00e9 medidas de seguridad estaban en vigencia.<\/p>\n\n\n\n<p>El hombre fue el arquitecto de ese edificio, desde los inicios del proyecto, dijeron personas de su cercan\u00eda.<\/p>\n\n\n\n<p>El \u00faltimo accidente laboral fatal en Montevideo hab\u00eda ocurrido hace siete d\u00edas, en el barrio La Teja. La v\u00edctima fue un hombre de 66 a\u00f1os que cay\u00f3 del techo liviano de una casa, donde funciona un templo religioso. Al d\u00eda siguiente, un hombre muri\u00f3 en otro accidente laboral, en Durazno.<\/p>\n\n\n\n<p><em>*Subrayado<\/em><\/p>\n","protected":false},"excerpt":{"rendered":"<p>El accidente laboral ocurri\u00f3 en la ma\u00f1ana de este mi\u00e9rcoles en un edificio que est\u00e1 en obra, pr\u00f3ximo a su inauguraci\u00f3n, en La Blanqueada. Un<\/p>\n","protected":false},"author":1,"featured_media":2151,"comment_status":"open","ping_status":"open","sticky":false,"template":"","format":"standard","meta":{"advgb_blocks_editor_width":"","advgb_blocks_columns_visual_guide":"","footnotes":"","jetpack_publicize_message":"","jetpack_publicize_feature_enabled":true,"jetpack_social_post_already_shared":true,"jetpack_social_options":{"image_generator_settings":{"template":"highway","default_image_id":0,"font":"","enabled":false},"version":2}},"categories":[7],"tags":[],"class_list":["post-2150","post","type-post","status-publish","format-standard","has-post-thumbnail","hentry","category-del-pais"],"author_meta":{"display_name":"Portal","author_link":"https:\/\/portaldeyoung.uy\/index.php\/author\/admin_port\/"},"featured_img":"https:\/\/portaldeyoung.uy\/wp-content\/uploads\/2025\/08\/accidente-arquitecto-300x198.png","jetpack_publicize_connections":[],"coauthors":[],"tax_additional":{"categories":{"linked":["<a href=\"https:\/\/portaldeyoung.uy\/index.php\/category\/del-pais\/\" class=\"advgb-post-tax-term\">Del pa\u00eds<\/a>"],"unlinked":["<span class=\"advgb-post-tax-term\">Del pa\u00eds<\/span>"]}},"comment_count":"0","relative_dates":{"created":"Publicado 9 meses hace","modified":"Actualizado 9 meses hace"},"absolute_dates":{"created":"Publicado el agosto 6, 2025","modified":"Actualizado el agosto 6, 2025"},"absolute_dates_time":{"created":"Publicado el agosto 6, 2025 7:53 pm","modified":"Actualizado el agosto 6, 2025 7:53 pm"},"featured_img_caption":"","series_order":"","_links":{"self":[{"href":"https:\/\/portaldeyoung.uy\/index.php\/wp-json\/wp\/v2\/posts\/2150","targetHints":{"allow":["GET"]}}],"collection":[{"href":"https:\/\/portaldeyoung.uy\/index.php\/wp-json\/wp\/v2\/posts"}],"about":[{"href":"https:\/\/portaldeyoung.uy\/index.php\/wp-json\/wp\/v2\/types\/post"}],"author":[{"embeddable":true,"href":"https:\/\/portaldeyoung.uy\/index.php\/wp-json\/wp\/v2\/users\/1"}],"replies":[{"embeddable":true,"href":"https:\/\/portaldeyoung.uy\/index.php\/wp-json\/wp\/v2\/comments?post=2150"}],"version-history":[{"count":1,"href":"https:\/\/portaldeyoung.uy\/index.php\/wp-json\/wp\/v2\/posts\/2150\/revisions"}],"predecessor-version":[{"id":2152,"href":"https:\/\/portaldeyoung.uy\/index.php\/wp-json\/wp\/v2\/posts\/2150\/revisions\/2152"}],"wp:featuredmedia":[{"embeddable":true,"href":"https:\/\/portaldeyoung.uy\/index.php\/wp-json\/wp\/v2\/media\/2151"}],"wp:attachment":[{"href":"https:\/\/portaldeyoung.uy\/index.php\/wp-json\/wp\/v2\/media?parent=2150"}],"wp:term":[{"taxonomy":"category","embeddable":true,"href":"https:\/\/portaldeyoung.uy\/index.php\/wp-json\/wp\/v2\/categories?post=2150"},{"taxonomy":"post_tag","embeddable":true,"href":"https:\/\/portaldeyoung.uy\/index.php\/wp-json\/wp\/v2\/tags?post=2150"}],"curies":[{"name":"wp","href":"https:\/\/api.w.org\/{rel}","templated":true}]}}