{"id":2134,"date":"2025-08-05T20:01:43","date_gmt":"2025-08-05T20:01:43","guid":{"rendered":"https:\/\/portaldeyoung.uy\/?p=2134"},"modified":"2025-08-06T20:47:24","modified_gmt":"2025-08-06T20:47:24","slug":"nuevo-curso-de-aplicadores-profesionales-de-fitosanitarios-en-young","status":"publish","type":"post","link":"https:\/\/portaldeyoung.uy\/index.php\/2025\/08\/05\/nuevo-curso-de-aplicadores-profesionales-de-fitosanitarios-en-young\/","title":{"rendered":"Nuevo Curso de Aplicadores Profesionales de Fitosanitarios en Young"},"content":{"rendered":"\n<p>El Ministerio de Ganader\u00eda, Agricultura y Pesca, en colaboraci\u00f3n con la Direcci\u00f3n de Servicios Agr\u00edcolas, ha anunciado la apertura de un nuevo curso destinado a Aplicadores Profesionales de Fitosanitarios en la ciudad de Young. El curso se llevar\u00e1 a cabo los d\u00edas 19, 20 y 21 de Agosto en el Centro de Capacitaci\u00f3n Agropecuaria, con el apoyo  de la Sociedad Rural de R\u00edo Negro.<\/p>\n\n\n\n<p>Las clases se impartir\u00e1n en dos horarios: de 8:30 a 12:00 y de 13:30 a 17:00, ofreciendo flexibilidad para los participantes. Este curso es fundamental para asegurar el manejo seguro, eficiente y responsable de plaguicidas, protegiendo la salud humana, la de los aplicadores y el medio ambiente. Al finalizar, los participantes podr\u00e1n obtener el carnet fitosanitario, cumpliendo con los requisitos legales necesarios para realizar tratamientos de control de plagas de manera sostenible.<\/p>\n\n\n\n<p>Para inscripciones y mayor informaci\u00f3n, los interesados pueden contactarse al tel\u00e9fono celular 098 070 784.<\/p>\n\n\n\n<figure class=\"wp-block-image size-large\"><img loading=\"lazy\" decoding=\"async\" width=\"724\" height=\"1024\" src=\"https:\/\/portaldeyoung.uy\/wp-content\/uploads\/2025\/08\/curso-fitosanitarios-724x1024.jpg\" alt=\"\" class=\"wp-image-2135\" srcset=\"https:\/\/portaldeyoung.uy\/wp-content\/uploads\/2025\/08\/curso-fitosanitarios-724x1024.jpg 724w, https:\/\/portaldeyoung.uy\/wp-content\/uploads\/2025\/08\/curso-fitosanitarios-212x300.jpg 212w, https:\/\/portaldeyoung.uy\/wp-content\/uploads\/2025\/08\/curso-fitosanitarios-768x1086.jpg 768w, https:\/\/portaldeyoung.uy\/wp-content\/uploads\/2025\/08\/curso-fitosanitarios.jpg 1071w\" sizes=\"auto, (max-width: 724px) 100vw, 724px\" \/><\/figure>\n","protected":false},"excerpt":{"rendered":"<p>El Ministerio de Ganader\u00eda, Agricultura y Pesca, en colaboraci\u00f3n con la Direcci\u00f3n de Servicios Agr\u00edcolas, ha anunciado la apertura de un nuevo curso destinado a<\/p>\n","protected":false},"author":1,"featured_media":2136,"comment_status":"open","ping_status":"open","sticky":false,"template":"","format":"standard","meta":{"advgb_blocks_editor_width":"","advgb_blocks_columns_visual_guide":"","footnotes":"","jetpack_publicize_message":"","jetpack_publicize_feature_enabled":true,"jetpack_social_post_already_shared":true,"jetpack_social_options":{"image_generator_settings":{"template":"highway","default_image_id":0,"font":"","enabled":false},"version":2}},"categories":[4],"tags":[],"class_list":["post-2134","post","type-post","status-publish","format-standard","has-post-thumbnail","hentry","category-de-aca"],"author_meta":{"display_name":"Portal","author_link":"https:\/\/portaldeyoung.uy\/index.php\/author\/admin_port\/"},"featured_img":"https:\/\/portaldeyoung.uy\/wp-content\/uploads\/2025\/08\/aplicacion-de-productos-fitosanitarios-300x169.jpg","jetpack_publicize_connections":[],"coauthors":[],"tax_additional":{"categories":{"linked":["<a href=\"https:\/\/portaldeyoung.uy\/index.php\/category\/de-aca\/\" class=\"advgb-post-tax-term\">De ac\u00e1<\/a>"],"unlinked":["<span class=\"advgb-post-tax-term\">De ac\u00e1<\/span>"]}},"comment_count":"0","relative_dates":{"created":"Publicado 9 meses hace","modified":"Actualizado 9 meses hace"},"absolute_dates":{"created":"Publicado el agosto 5, 2025","modified":"Actualizado el agosto 6, 2025"},"absolute_dates_time":{"created":"Publicado el agosto 5, 2025 8:01 pm","modified":"Actualizado el agosto 6, 2025 8:47 pm"},"featured_img_caption":"","series_order":"","_links":{"self":[{"href":"https:\/\/portaldeyoung.uy\/index.php\/wp-json\/wp\/v2\/posts\/2134","targetHints":{"allow":["GET"]}}],"collection":[{"href":"https:\/\/portaldeyoung.uy\/index.php\/wp-json\/wp\/v2\/posts"}],"about":[{"href":"https:\/\/portaldeyoung.uy\/index.php\/wp-json\/wp\/v2\/types\/post"}],"author":[{"embeddable":true,"href":"https:\/\/portaldeyoung.uy\/index.php\/wp-json\/wp\/v2\/users\/1"}],"replies":[{"embeddable":true,"href":"https:\/\/portaldeyoung.uy\/index.php\/wp-json\/wp\/v2\/comments?post=2134"}],"version-history":[{"count":2,"href":"https:\/\/portaldeyoung.uy\/index.php\/wp-json\/wp\/v2\/posts\/2134\/revisions"}],"predecessor-version":[{"id":2139,"href":"https:\/\/portaldeyoung.uy\/index.php\/wp-json\/wp\/v2\/posts\/2134\/revisions\/2139"}],"wp:featuredmedia":[{"embeddable":true,"href":"https:\/\/portaldeyoung.uy\/index.php\/wp-json\/wp\/v2\/media\/2136"}],"wp:attachment":[{"href":"https:\/\/portaldeyoung.uy\/index.php\/wp-json\/wp\/v2\/media?parent=2134"}],"wp:term":[{"taxonomy":"category","embeddable":true,"href":"https:\/\/portaldeyoung.uy\/index.php\/wp-json\/wp\/v2\/categories?post=2134"},{"taxonomy":"post_tag","embeddable":true,"href":"https:\/\/portaldeyoung.uy\/index.php\/wp-json\/wp\/v2\/tags?post=2134"}],"curies":[{"name":"wp","href":"https:\/\/api.w.org\/{rel}","templated":true}]}}