{"id":2130,"date":"2025-08-05T19:43:04","date_gmt":"2025-08-05T19:43:04","guid":{"rendered":"https:\/\/portaldeyoung.uy\/?p=2130"},"modified":"2025-08-06T20:47:15","modified_gmt":"2025-08-06T20:47:15","slug":"dos-accidentes-de-transito-ocurrieron-en-un-nuestra-ciudad-uno-de-los-protagonistas-se-dio-a-la-fuga","status":"publish","type":"post","link":"https:\/\/portaldeyoung.uy\/index.php\/2025\/08\/05\/dos-accidentes-de-transito-ocurrieron-en-un-nuestra-ciudad-uno-de-los-protagonistas-se-dio-a-la-fuga\/","title":{"rendered":"Dos Accidentes de tr\u00e1nsito ocurrieron  en un nuestra ciudad, uno de los protagonistas se dio a la fuga"},"content":{"rendered":"\n<p>En nuestra ciudad dos incidentes de tr\u00e1nsito se registraron, seg\u00fan informa la Jefatura de Polic\u00eda de R\u00edo Negro. El primero tuvo lugar en la intersecci\u00f3n de las calles 25 de Agosto y Avenida Zeballos, donde una colisi\u00f3n dej\u00f3 a una persona lesionada leve. La protagonista, identificada como N.S., mayor de edad, transitaba de sur a norte por la calle 25 de Agosto cuando intent\u00f3 girar hacia Zeballos y colision\u00f3 con C.C., tambi\u00e9n mayor de edad, quien circulaba en bicicleta acompa\u00f1ada por un menor. Ambas personas cayeron al pavimento, resultando en el traslado de C.C. a un centro asistencial en emergencia m\u00f3vil. Afortunadamente, el menor no sufri\u00f3 lesiones y la conductora N.S. present\u00f3 toda la documentaci\u00f3n en regla.<\/p>\n\n\n\n<h2 class=\"wp-block-heading\">Lo choca y se da a la fuga<\/h2>\n\n\n\n<p>En un segundo incidente, reportado en las calles Montevideo y Vasco Nu\u00f1ez, un hombre identificado como L.M., mayor de edad, inform\u00f3 que estaba detenido en un sem\u00e1foro en la calle Montevideo cuando fue impactado en la parte trasera por otro veh\u00edculo que luego se dio a la fuga por Vasco Nu\u00f1ez en direcci\u00f3n contraria. A pesar del incidente, L.M. tambi\u00e9n present\u00f3 toda la documentaci\u00f3n en regla, mientras que se realizan investigaciones para dar con el paradero del veh\u00edculo fugitivo.<\/p>\n\n\n\n<p><\/p>\n","protected":false},"excerpt":{"rendered":"<p>En nuestra ciudad dos incidentes de tr\u00e1nsito se registraron, seg\u00fan informa la Jefatura de Polic\u00eda de R\u00edo Negro. El primero tuvo lugar en la intersecci\u00f3n<\/p>\n","protected":false},"author":1,"featured_media":1097,"comment_status":"open","ping_status":"open","sticky":false,"template":"","format":"standard","meta":{"advgb_blocks_editor_width":"","advgb_blocks_columns_visual_guide":"","footnotes":"","jetpack_publicize_message":"","jetpack_publicize_feature_enabled":true,"jetpack_social_post_already_shared":true,"jetpack_social_options":{"image_generator_settings":{"template":"highway","default_image_id":0,"font":"","enabled":false},"version":2}},"categories":[4],"tags":[],"class_list":["post-2130","post","type-post","status-publish","format-standard","has-post-thumbnail","hentry","category-de-aca"],"author_meta":{"display_name":"Portal","author_link":"https:\/\/portaldeyoung.uy\/index.php\/author\/admin_port\/"},"featured_img":"https:\/\/portaldeyoung.uy\/wp-content\/uploads\/2025\/07\/seccional-sexta-300x225.jpg","jetpack_publicize_connections":[],"coauthors":[],"tax_additional":{"categories":{"linked":["<a href=\"https:\/\/portaldeyoung.uy\/index.php\/category\/de-aca\/\" class=\"advgb-post-tax-term\">De ac\u00e1<\/a>"],"unlinked":["<span class=\"advgb-post-tax-term\">De ac\u00e1<\/span>"]}},"comment_count":"0","relative_dates":{"created":"Publicado 9 meses hace","modified":"Actualizado 9 meses hace"},"absolute_dates":{"created":"Publicado el agosto 5, 2025","modified":"Actualizado el agosto 6, 2025"},"absolute_dates_time":{"created":"Publicado el agosto 5, 2025 7:43 pm","modified":"Actualizado el agosto 6, 2025 8:47 pm"},"featured_img_caption":"","series_order":"","_links":{"self":[{"href":"https:\/\/portaldeyoung.uy\/index.php\/wp-json\/wp\/v2\/posts\/2130","targetHints":{"allow":["GET"]}}],"collection":[{"href":"https:\/\/portaldeyoung.uy\/index.php\/wp-json\/wp\/v2\/posts"}],"about":[{"href":"https:\/\/portaldeyoung.uy\/index.php\/wp-json\/wp\/v2\/types\/post"}],"author":[{"embeddable":true,"href":"https:\/\/portaldeyoung.uy\/index.php\/wp-json\/wp\/v2\/users\/1"}],"replies":[{"embeddable":true,"href":"https:\/\/portaldeyoung.uy\/index.php\/wp-json\/wp\/v2\/comments?post=2130"}],"version-history":[{"count":1,"href":"https:\/\/portaldeyoung.uy\/index.php\/wp-json\/wp\/v2\/posts\/2130\/revisions"}],"predecessor-version":[{"id":2131,"href":"https:\/\/portaldeyoung.uy\/index.php\/wp-json\/wp\/v2\/posts\/2130\/revisions\/2131"}],"wp:featuredmedia":[{"embeddable":true,"href":"https:\/\/portaldeyoung.uy\/index.php\/wp-json\/wp\/v2\/media\/1097"}],"wp:attachment":[{"href":"https:\/\/portaldeyoung.uy\/index.php\/wp-json\/wp\/v2\/media?parent=2130"}],"wp:term":[{"taxonomy":"category","embeddable":true,"href":"https:\/\/portaldeyoung.uy\/index.php\/wp-json\/wp\/v2\/categories?post=2130"},{"taxonomy":"post_tag","embeddable":true,"href":"https:\/\/portaldeyoung.uy\/index.php\/wp-json\/wp\/v2\/tags?post=2130"}],"curies":[{"name":"wp","href":"https:\/\/api.w.org\/{rel}","templated":true}]}}