{"id":2116,"date":"2025-08-05T18:46:29","date_gmt":"2025-08-05T18:46:29","guid":{"rendered":"https:\/\/portaldeyoung.uy\/?p=2116"},"modified":"2025-08-05T18:46:32","modified_gmt":"2025-08-05T18:46:32","slug":"imputaron-a-cuatro-hombres-y-una-mujer-por-la-incautacion-de-2-000-kilos-de-cocaina-en-punta-espinillo","status":"publish","type":"post","link":"https:\/\/portaldeyoung.uy\/index.php\/2025\/08\/05\/imputaron-a-cuatro-hombres-y-una-mujer-por-la-incautacion-de-2-000-kilos-de-cocaina-en-punta-espinillo\/","title":{"rendered":"Imputaron a cuatro hombres y una mujer por la incautaci\u00f3n de 2.000 kilos de coca\u00edna en Punta Espinillo"},"content":{"rendered":"\n<h4 class=\"wp-block-heading\">Una de las mujeres detenidas en el operativo fue liberada.<\/h4>\n\n\n\n<p>El juez de Crimen Organizado de primer turno, Fernando Islas, formaliz\u00f3 el proceso contra cinco de los seis detenidos durante el operativo Nueva Era, por el que se incautaron m\u00e1s de 2.000 kilos de coca\u00edna en la zona de Punta Espinillo.<\/p>\n\n\n\n<p>Seg\u00fan inform\u00f3 la Fiscal\u00eda, se trata de cuatro hombres y una mujer que fueron imputados por los delitos de organizaci\u00f3n de actividades de narcotr\u00e1fico y dep\u00f3sito de sustancias estupefacientes. En un caso tambi\u00e9n se imput\u00f3 porte de armas con signos de identificaci\u00f3n adulterados. De los cinco formalizados s\u00f3lo uno tiene antecedentes penales. En todos los casos se dispuso como medida cautelar la prisi\u00f3n preventiva por 180 d\u00edas mientras contin\u00faa la investigaci\u00f3n, a cargo de la fiscal de estupefacientes de cuarto turno, Angelita Romano. El juez Islas acept\u00f3 el pedido de la fiscal Romano para declarar la reserva de la audiencia.<\/p>\n\n\n\n<p>La investigaci\u00f3n, que deriv\u00f3 en el operativo, comenz\u00f3 en abril a partir de una informaci\u00f3n que lleg\u00f3 a la Direcci\u00f3n General de Represi\u00f3n al Tr\u00e1fico Il\u00edcito de Drogas. La droga iba a ser embarcada con destino, presuntamente, a Europa. La investigaci\u00f3n policial tiene indicios de que la organizaci\u00f3n que actu\u00f3 para brindar log\u00edstica para el transporte de la droga hasta el puerto est\u00e1 vinculada al clan familiar de Los Alb\u00edn y la organizaci\u00f3n criminal de Sebasti\u00e1n Marset. Una de las mujeres detenidas durante el operativo del domingo fue liberada al no encontrarse evidencia en su contra. Se estima que el precio de la droga en Europa alcanza los 50 millones de d\u00f3lares.<\/p>\n\n\n\n<p><em>*La Diaria &#8211; Foto Rodrigo Viera Amaral<\/em><\/p>\n","protected":false},"excerpt":{"rendered":"<p>Una de las mujeres detenidas en el operativo fue liberada. El juez de Crimen Organizado de primer turno, Fernando Islas, formaliz\u00f3 el proceso contra cinco<\/p>\n","protected":false},"author":1,"featured_media":2117,"comment_status":"open","ping_status":"open","sticky":false,"template":"","format":"standard","meta":{"advgb_blocks_editor_width":"","advgb_blocks_columns_visual_guide":"","footnotes":"","jetpack_publicize_message":"","jetpack_publicize_feature_enabled":true,"jetpack_social_post_already_shared":true,"jetpack_social_options":{"image_generator_settings":{"template":"highway","default_image_id":0,"font":"","enabled":false},"version":2}},"categories":[7],"tags":[],"class_list":["post-2116","post","type-post","status-publish","format-standard","has-post-thumbnail","hentry","category-del-pais"],"author_meta":{"display_name":"Portal","author_link":"https:\/\/portaldeyoung.uy\/index.php\/author\/admin_port\/"},"featured_img":"https:\/\/portaldeyoung.uy\/wp-content\/uploads\/2025\/08\/droga-punta-espinillo-300x200.jpg","jetpack_publicize_connections":[],"coauthors":[],"tax_additional":{"categories":{"linked":["<a href=\"https:\/\/portaldeyoung.uy\/index.php\/category\/del-pais\/\" class=\"advgb-post-tax-term\">Del pa\u00eds<\/a>"],"unlinked":["<span class=\"advgb-post-tax-term\">Del pa\u00eds<\/span>"]}},"comment_count":"0","relative_dates":{"created":"Publicado 9 meses hace","modified":"Actualizado 9 meses hace"},"absolute_dates":{"created":"Publicado el agosto 5, 2025","modified":"Actualizado el agosto 5, 2025"},"absolute_dates_time":{"created":"Publicado el agosto 5, 2025 6:46 pm","modified":"Actualizado el agosto 5, 2025 6:46 pm"},"featured_img_caption":"","series_order":"","_links":{"self":[{"href":"https:\/\/portaldeyoung.uy\/index.php\/wp-json\/wp\/v2\/posts\/2116","targetHints":{"allow":["GET"]}}],"collection":[{"href":"https:\/\/portaldeyoung.uy\/index.php\/wp-json\/wp\/v2\/posts"}],"about":[{"href":"https:\/\/portaldeyoung.uy\/index.php\/wp-json\/wp\/v2\/types\/post"}],"author":[{"embeddable":true,"href":"https:\/\/portaldeyoung.uy\/index.php\/wp-json\/wp\/v2\/users\/1"}],"replies":[{"embeddable":true,"href":"https:\/\/portaldeyoung.uy\/index.php\/wp-json\/wp\/v2\/comments?post=2116"}],"version-history":[{"count":1,"href":"https:\/\/portaldeyoung.uy\/index.php\/wp-json\/wp\/v2\/posts\/2116\/revisions"}],"predecessor-version":[{"id":2118,"href":"https:\/\/portaldeyoung.uy\/index.php\/wp-json\/wp\/v2\/posts\/2116\/revisions\/2118"}],"wp:featuredmedia":[{"embeddable":true,"href":"https:\/\/portaldeyoung.uy\/index.php\/wp-json\/wp\/v2\/media\/2117"}],"wp:attachment":[{"href":"https:\/\/portaldeyoung.uy\/index.php\/wp-json\/wp\/v2\/media?parent=2116"}],"wp:term":[{"taxonomy":"category","embeddable":true,"href":"https:\/\/portaldeyoung.uy\/index.php\/wp-json\/wp\/v2\/categories?post=2116"},{"taxonomy":"post_tag","embeddable":true,"href":"https:\/\/portaldeyoung.uy\/index.php\/wp-json\/wp\/v2\/tags?post=2116"}],"curies":[{"name":"wp","href":"https:\/\/api.w.org\/{rel}","templated":true}]}}