{"id":2114,"date":"2025-08-05T18:44:27","date_gmt":"2025-08-05T18:44:27","guid":{"rendered":"https:\/\/portaldeyoung.uy\/?p=2114"},"modified":"2025-08-05T18:44:32","modified_gmt":"2025-08-05T18:44:32","slug":"anciano-de-92-anos-murio-tras-ser-golpeado-con-un-hierro-en-la-cabeza-por-una-trabajadora-sexual","status":"publish","type":"post","link":"https:\/\/portaldeyoung.uy\/index.php\/2025\/08\/05\/anciano-de-92-anos-murio-tras-ser-golpeado-con-un-hierro-en-la-cabeza-por-una-trabajadora-sexual\/","title":{"rendered":"Anciano de 92 a\u00f1os muri\u00f3 tras ser golpeado con un hierro en la cabeza por una trabajadora sexual"},"content":{"rendered":"\n<p>La agresi\u00f3n ocurri\u00f3 el s\u00e1bado de noche tras el encuentro y luego de que la v\u00edctima se negara a pagarle por sus servicios, seg\u00fan el relato de la mujer de 27 a\u00f1os. Este lunes, se present\u00f3 en la comisar\u00eda.<\/p>\n\n\n\n<p>Un anciano de 92 a\u00f1os muri\u00f3 tras ser golpeado en la cabeza con un hierro por una trabajadora sexual de 27 a\u00f1os a la que, seg\u00fan la versi\u00f3n de mujer, se neg\u00f3 a pagarle por los servicios prestados.<\/p>\n\n\n\n<p>La mujer se present\u00f3 este lunes de tarde en la seccional 4\u00aa de Las Piedras. En su relato, cont\u00f3 que el s\u00e1bado de noche concurri\u00f3 a la casa de la v\u00edctima en la calle Carmelo Colman esquina Alcides Cervieri, y que una vez finalizado el encuentro, el hombre se neg\u00f3 a pagarle y comenz\u00f3 a agredirla. Entonces, la mujer tom\u00f3 un hierro y lo golpe\u00f3 en la cabeza. Reconoci\u00f3 que se hizo de 5.000 pesos que el hombre ten\u00eda en un bolsillo y se fue.<\/p>\n\n\n\n<p>Este lunes, la mujer dijo que comenz\u00f3 a sentir remordimiento y decidi\u00f3 presentarse en la comisar\u00eda. Tras su relato, un m\u00f3vil policial fue hasta la casa del hombre. Al ingresar a una de las habitaciones, los efectivos constataron desorden y encontraron a la v\u00edctima sentada en el suelo junto a la cama con las piernas flexionadas, sin signos vitales aparentes y con sangrado en la cabeza.<\/p>\n\n\n\n<p>Un equipo m\u00e9dico de emergencia constat\u00f3 que el hombre ya estaba muerto. Testigos dijeron a la Polic\u00eda que lo vieron con vida por \u00faltima vez el s\u00e1bado de tarde cuando hab\u00eda salido a hacer mandados.<\/p>\n\n\n\n<p>Personal de Polic\u00eda Cient\u00edfica realiz\u00f3 el relevamiento de la escena. En el lugar, los polic\u00edas encontraron un fierro \u00e1ngulo de 90 cent\u00edmetros con manchas de sangre.<\/p>\n\n\n\n<p>La fiscal de Las Piedras de 3\u00ba turno, Mariana Rodr\u00edguez, dispuso que la mujer, que carece de antecedentes penales, quede detenida y que tanto ella como la v\u00edctima, sean examinadas por m\u00e9dico forense. La autopsia al cuerpo del hombre se realizar\u00e1 en la morgue judicial este martes de tarde.<\/p>\n\n\n\n<p><em>*Subrayado<\/em><\/p>\n","protected":false},"excerpt":{"rendered":"<p>La agresi\u00f3n ocurri\u00f3 el s\u00e1bado de noche tras el encuentro y luego de que la v\u00edctima se negara a pagarle por sus servicios, seg\u00fan el<\/p>\n","protected":false},"author":1,"featured_media":607,"comment_status":"open","ping_status":"open","sticky":false,"template":"","format":"standard","meta":{"advgb_blocks_editor_width":"","advgb_blocks_columns_visual_guide":"","footnotes":"","jetpack_publicize_message":"","jetpack_publicize_feature_enabled":true,"jetpack_social_post_already_shared":true,"jetpack_social_options":{"image_generator_settings":{"template":"highway","default_image_id":0,"font":"","enabled":false},"version":2}},"categories":[7],"tags":[],"class_list":["post-2114","post","type-post","status-publish","format-standard","has-post-thumbnail","hentry","category-del-pais"],"author_meta":{"display_name":"Portal","author_link":"https:\/\/portaldeyoung.uy\/index.php\/author\/admin_port\/"},"featured_img":"https:\/\/portaldeyoung.uy\/wp-content\/uploads\/2025\/06\/POLICIA-2-300x150.jpg","jetpack_publicize_connections":[],"coauthors":[],"tax_additional":{"categories":{"linked":["<a href=\"https:\/\/portaldeyoung.uy\/index.php\/category\/del-pais\/\" class=\"advgb-post-tax-term\">Del pa\u00eds<\/a>"],"unlinked":["<span class=\"advgb-post-tax-term\">Del pa\u00eds<\/span>"]}},"comment_count":"0","relative_dates":{"created":"Publicado 9 meses hace","modified":"Actualizado 9 meses hace"},"absolute_dates":{"created":"Publicado el agosto 5, 2025","modified":"Actualizado el agosto 5, 2025"},"absolute_dates_time":{"created":"Publicado el agosto 5, 2025 6:44 pm","modified":"Actualizado el agosto 5, 2025 6:44 pm"},"featured_img_caption":"","series_order":"","_links":{"self":[{"href":"https:\/\/portaldeyoung.uy\/index.php\/wp-json\/wp\/v2\/posts\/2114","targetHints":{"allow":["GET"]}}],"collection":[{"href":"https:\/\/portaldeyoung.uy\/index.php\/wp-json\/wp\/v2\/posts"}],"about":[{"href":"https:\/\/portaldeyoung.uy\/index.php\/wp-json\/wp\/v2\/types\/post"}],"author":[{"embeddable":true,"href":"https:\/\/portaldeyoung.uy\/index.php\/wp-json\/wp\/v2\/users\/1"}],"replies":[{"embeddable":true,"href":"https:\/\/portaldeyoung.uy\/index.php\/wp-json\/wp\/v2\/comments?post=2114"}],"version-history":[{"count":1,"href":"https:\/\/portaldeyoung.uy\/index.php\/wp-json\/wp\/v2\/posts\/2114\/revisions"}],"predecessor-version":[{"id":2115,"href":"https:\/\/portaldeyoung.uy\/index.php\/wp-json\/wp\/v2\/posts\/2114\/revisions\/2115"}],"wp:featuredmedia":[{"embeddable":true,"href":"https:\/\/portaldeyoung.uy\/index.php\/wp-json\/wp\/v2\/media\/607"}],"wp:attachment":[{"href":"https:\/\/portaldeyoung.uy\/index.php\/wp-json\/wp\/v2\/media?parent=2114"}],"wp:term":[{"taxonomy":"category","embeddable":true,"href":"https:\/\/portaldeyoung.uy\/index.php\/wp-json\/wp\/v2\/categories?post=2114"},{"taxonomy":"post_tag","embeddable":true,"href":"https:\/\/portaldeyoung.uy\/index.php\/wp-json\/wp\/v2\/tags?post=2114"}],"curies":[{"name":"wp","href":"https:\/\/api.w.org\/{rel}","templated":true}]}}