{"id":2102,"date":"2025-08-05T18:26:54","date_gmt":"2025-08-05T18:26:54","guid":{"rendered":"https:\/\/portaldeyoung.uy\/?p=2102"},"modified":"2025-08-05T18:26:58","modified_gmt":"2025-08-05T18:26:58","slug":"la-gran-barrera-de-coral-sufre-su-peor-blanqueamiento-por-el-calentamiento-oceanico","status":"publish","type":"post","link":"https:\/\/portaldeyoung.uy\/index.php\/2025\/08\/05\/la-gran-barrera-de-coral-sufre-su-peor-blanqueamiento-por-el-calentamiento-oceanico\/","title":{"rendered":"La Gran Barrera de Coral sufre su peor blanqueamiento por el calentamiento oce\u00e1nico"},"content":{"rendered":"\n<p>Cient\u00edficos alertan que el arrecife enfrenta un da\u00f1o sin precedentes por el cambio clim\u00e1tico.<\/p>\n\n\n\n<p>La <strong>Gran Barrera de Coral<\/strong>, el ecosistema marino m\u00e1s grande del planeta y Patrimonio de la Humanidad, atraviesa el <strong>blanqueamiento coralino m\u00e1s extenso jam\u00e1s documentado<\/strong> desde que se iniciaron los registros hace casi 40 a\u00f1os, seg\u00fan un informe oficial del <strong>Instituto Australiano de Ciencias Marinas (AIMS)<\/strong>.<\/p>\n\n\n\n<p>El fen\u00f3meno fue provocado por <strong>temperaturas oce\u00e1nicas r\u00e9cord<\/strong> durante 2024, lo que desencaden\u00f3 niveles de <strong>estr\u00e9s t\u00e9rmico sin precedentes<\/strong> en el sistema coralino, situado frente a las costas del noreste de Australia.<\/p>\n\n\n\n<p><a href=\"https:\/\/vdo.ai\/contact?utm_medium=video&amp;utm_term=montevideo.com.uy&amp;utm_source=vdoai_logo\" target=\"_blank\" rel=\"noreferrer noopener\"><\/a>\u201cNo hay duda al respecto: <strong>el cambio clim\u00e1tico es la causa principal<\/strong>\u201d, afirm\u00f3 el investigador principal del AIMS, <strong>Mike Emslie<\/strong>, en di\u00e1logo con AFP.<\/p>\n\n\n\n<p><strong>Un ecosistema bajo presi\u00f3n<\/strong><\/p>\n\n\n\n<p>El reporte \u2014basado en el monitoreo de 124 tramos entre agosto de 2024 y mayo de 2025\u2014 advierte que <strong>las regiones norte y sur del arrecife han sufrido su mayor p\u00e9rdida anual de cobertura coralina registrada<\/strong>. A los efectos de los ciclones tropicales y las plagas, como la estrella de mar corona de espinas, se suman ahora los impactos cada vez m\u00e1s frecuentes y severos del calor oce\u00e1nico.<\/p>\n\n\n\n<p>El <strong>blanqueamiento coralino<\/strong> ocurre cuando los corales, bajo condiciones de estr\u00e9s t\u00e9rmico extremo, <strong>expulsan las zooxantelas<\/strong>, algas simbi\u00f3ticas que les proporcionan color y nutrientes. Si la temperatura no desciende, los corales pueden morir.<\/p>\n\n\n\n<p>Aunque la Gran Barrera se ha recuperado parcialmente de episodios anteriores, los expertos temen que <strong>la frecuencia creciente de estos eventos deje sin tiempo al ecosistema para regenerarse<\/strong>.<\/p>\n\n\n\n<p><strong>Alerta global por los arrecifes<\/strong><\/p>\n\n\n\n<p>El caso australiano no es aislado. En los \u00faltimos dos a\u00f1os, <strong>m\u00e1s del 80% de los arrecifes del mundo han sido afectados por blanqueamientos masivos<\/strong>, lo que resalta la <strong>vulnerabilidad global de estos ecosistemas frente al cambio clim\u00e1tico<\/strong>.<\/p>\n\n\n\n<p>Uno de los corales m\u00e1s afectados ha sido el g\u00e9nero <strong>acropora<\/strong>, de r\u00e1pido crecimiento pero altamente sensible al calor. Su p\u00e9rdida supone un golpe doble: afecta tanto a la biodiversidad como a la capacidad de recuperaci\u00f3n del arrecife.<\/p>\n\n\n\n<p>\u201cEs una monta\u00f1a rusa constante\u201d, grafic\u00f3 <strong>Richard Leck<\/strong>, del Fondo Mundial para la Naturaleza (WWF). \u201cLos cient\u00edficos est\u00e1n cada vez m\u00e1s preocupados de que el arrecife no pueda regenerarse como lo hac\u00eda antes\u201d.<\/p>\n\n\n\n<p><em>*Con informaci\u00f3n de AFP<\/em><\/p>\n","protected":false},"excerpt":{"rendered":"<p>Cient\u00edficos alertan que el arrecife enfrenta un da\u00f1o sin precedentes por el cambio clim\u00e1tico. La Gran Barrera de Coral, el ecosistema marino m\u00e1s grande del<\/p>\n","protected":false},"author":1,"featured_media":2103,"comment_status":"open","ping_status":"open","sticky":false,"template":"","format":"standard","meta":{"advgb_blocks_editor_width":"","advgb_blocks_columns_visual_guide":"","footnotes":"","jetpack_publicize_message":"","jetpack_publicize_feature_enabled":true,"jetpack_social_post_already_shared":true,"jetpack_social_options":{"image_generator_settings":{"template":"highway","default_image_id":0,"font":"","enabled":false},"version":2}},"categories":[8],"tags":[],"class_list":["post-2102","post","type-post","status-publish","format-standard","has-post-thumbnail","hentry","category-salud-y-tecnologia"],"author_meta":{"display_name":"Portal","author_link":"https:\/\/portaldeyoung.uy\/index.php\/author\/admin_port\/"},"featured_img":"https:\/\/portaldeyoung.uy\/wp-content\/uploads\/2025\/08\/coral-300x225.jpg","jetpack_publicize_connections":[],"coauthors":[],"tax_additional":{"categories":{"linked":["<a href=\"https:\/\/portaldeyoung.uy\/index.php\/category\/salud-y-tecnologia\/\" class=\"advgb-post-tax-term\">Salud y tecnolog\u00eda<\/a>"],"unlinked":["<span class=\"advgb-post-tax-term\">Salud y tecnolog\u00eda<\/span>"]}},"comment_count":"0","relative_dates":{"created":"Publicado 9 meses hace","modified":"Actualizado 9 meses hace"},"absolute_dates":{"created":"Publicado el agosto 5, 2025","modified":"Actualizado el agosto 5, 2025"},"absolute_dates_time":{"created":"Publicado el agosto 5, 2025 6:26 pm","modified":"Actualizado el agosto 5, 2025 6:26 pm"},"featured_img_caption":"","series_order":"","_links":{"self":[{"href":"https:\/\/portaldeyoung.uy\/index.php\/wp-json\/wp\/v2\/posts\/2102","targetHints":{"allow":["GET"]}}],"collection":[{"href":"https:\/\/portaldeyoung.uy\/index.php\/wp-json\/wp\/v2\/posts"}],"about":[{"href":"https:\/\/portaldeyoung.uy\/index.php\/wp-json\/wp\/v2\/types\/post"}],"author":[{"embeddable":true,"href":"https:\/\/portaldeyoung.uy\/index.php\/wp-json\/wp\/v2\/users\/1"}],"replies":[{"embeddable":true,"href":"https:\/\/portaldeyoung.uy\/index.php\/wp-json\/wp\/v2\/comments?post=2102"}],"version-history":[{"count":1,"href":"https:\/\/portaldeyoung.uy\/index.php\/wp-json\/wp\/v2\/posts\/2102\/revisions"}],"predecessor-version":[{"id":2104,"href":"https:\/\/portaldeyoung.uy\/index.php\/wp-json\/wp\/v2\/posts\/2102\/revisions\/2104"}],"wp:featuredmedia":[{"embeddable":true,"href":"https:\/\/portaldeyoung.uy\/index.php\/wp-json\/wp\/v2\/media\/2103"}],"wp:attachment":[{"href":"https:\/\/portaldeyoung.uy\/index.php\/wp-json\/wp\/v2\/media?parent=2102"}],"wp:term":[{"taxonomy":"category","embeddable":true,"href":"https:\/\/portaldeyoung.uy\/index.php\/wp-json\/wp\/v2\/categories?post=2102"},{"taxonomy":"post_tag","embeddable":true,"href":"https:\/\/portaldeyoung.uy\/index.php\/wp-json\/wp\/v2\/tags?post=2102"}],"curies":[{"name":"wp","href":"https:\/\/api.w.org\/{rel}","templated":true}]}}