{"id":2066,"date":"2025-08-04T12:09:48","date_gmt":"2025-08-04T12:09:48","guid":{"rendered":"https:\/\/portaldeyoung.uy\/?p=2066"},"modified":"2025-08-04T12:09:51","modified_gmt":"2025-08-04T12:09:51","slug":"hombre-y-sus-cuatro-hijos-en-grave-estado-al-quedar-atrapados-en-incendio-en-salto","status":"publish","type":"post","link":"https:\/\/portaldeyoung.uy\/index.php\/2025\/08\/04\/hombre-y-sus-cuatro-hijos-en-grave-estado-al-quedar-atrapados-en-incendio-en-salto\/","title":{"rendered":"Hombre y sus cuatro hijos en grave estado al quedar atrapados en incendio en Salto"},"content":{"rendered":"\n<p>En la ma\u00f1ana del domingo, el barrio Parque Solari de la ciudad de Salto se vio sacudido por una tragedia que, gracias al coraje de los vecinos, no termin\u00f3 en una p\u00e9rdida a\u00fan mayor. Una vivienda ubicada en la intersecci\u00f3n de Charr\u00faa y Santos Errandonea se incendi\u00f3 con un hombre de 32 a\u00f1os y sus cuatro hijos \u2014de apenas 2, 5, 8 y 9 a\u00f1os\u2014 atrapados en su interior.<\/p>\n\n\n\n<p>La escena fue desgarradora. Las llamas avanzaban con rapidez, devorando muebles y estructuras, mientras el humo negro comenzaba a cubrirlo todo. Gritos desesperados se escuchaban desde dentro. \u201cLos ni\u00f1os estaban en la ventana llorando, pidiendo ayuda. Estaban desesperados. No nos dejaban ni trabajar del susto que ten\u00edan\u201d, relat\u00f3 uno de los vecinos que, sin pensarlo, arriesg\u00f3 su vida para salvar las de los dem\u00e1s.<\/p>\n\n\n\n<p>Fue precisamente un grupo de vecinos el que protagoniz\u00f3 un acto de valent\u00eda pocas veces visto. Uno de ellos utiliz\u00f3 una amoladora para cortar la reja de una de las ventanas mientras otros sosten\u00edan mangueras, toallas h\u00famedas o simplemente gritaban pidiendo ayuda. Apenas lograron abrir un hueco, comenzaron a sacar a los ni\u00f1os uno por uno, algunos apenas vestidos, con el rostro manchado por el humo y el terror reflejado en los ojos.<br>Pero no era todo. El padre de los menores a\u00fan estaba adentro, desvanecido en el piso por la inhalaci\u00f3n de humo. El fuego ya hab\u00eda alcanzado parte del techo. \u201cEra sacarlo o morir todos\u201d, dijo otro vecino, que junto con otros ingres\u00f3 entre las llamas. Lo arrastraron como pudieron, por una abertura m\u00ednima, mientras el calor los empujaba hacia atr\u00e1s y el aire comenzaba a escasear.<br>Minutos despu\u00e9s llegaron los Bomberos y la Polic\u00eda, que asistieron a los afectados y aseguraron la vivienda. La escena ya era otra: los ni\u00f1os envueltos en frazadas, el padre recibiendo los primeros auxilios, y los vecinos abrazados, algunos llorando, a\u00fan sin poder creer lo que hab\u00edan vivido, seg\u00fan reflej\u00f3 la transmisi\u00f3n en vivo del medio TDN de Salto.<\/p>\n\n\n\n<p>Debido a la gravedad de las lesiones, en especial de los tres ni\u00f1os mayores, se activ\u00f3 un protocolo de emergencia a nivel nacional.<br>Esa misma noche, en coordinaci\u00f3n con los servicios de salud de Salto y Montevideo, se organiz\u00f3 un operativo especial: un avi\u00f3n de la Fuerza A\u00e9rea Uruguaya parti\u00f3 hacia la capital con los menores a bordo, acompa\u00f1ados por un equipo m\u00e9dico de al menos cinco profesionales por ambulancia. El traslado fue escoltado por efectivos policiales, en un despliegue que reflej\u00f3 la urgencia y el compromiso de salvar vidas. El incendio est\u00e1 bajo investigaci\u00f3n del personal de Bomberos, que trabaja para determinar las causas que originaron el siniestro. El padre contin\u00faa internado en CTI en el \u00e1rea de Agudos de Salto, junto al peque\u00f1o de dos a\u00f1os. Las autoridades se\u00f1alaron que el operativo de evacuaci\u00f3n m\u00e9dica involucr\u00f3 la coordinaci\u00f3n entre el Ministerio del Interior, la Administraci\u00f3n de los Servicios de Salud del Estado (ASSE) y el Sistema Nacional de Emergencias (SINAE).<\/p>\n","protected":false},"excerpt":{"rendered":"<p>En la ma\u00f1ana del domingo, el barrio Parque Solari de la ciudad de Salto se vio sacudido por una tragedia que, gracias al coraje de<\/p>\n","protected":false},"author":1,"featured_media":500,"comment_status":"open","ping_status":"open","sticky":false,"template":"","format":"standard","meta":{"advgb_blocks_editor_width":"","advgb_blocks_columns_visual_guide":"","footnotes":"","jetpack_publicize_message":"","jetpack_publicize_feature_enabled":true,"jetpack_social_post_already_shared":true,"jetpack_social_options":{"image_generator_settings":{"template":"highway","default_image_id":0,"font":"","enabled":false},"version":2}},"categories":[7],"tags":[],"class_list":["post-2066","post","type-post","status-publish","format-standard","has-post-thumbnail","hentry","category-del-pais"],"author_meta":{"display_name":"Portal","author_link":"https:\/\/portaldeyoung.uy\/index.php\/author\/admin_port\/"},"featured_img":"https:\/\/portaldeyoung.uy\/wp-content\/uploads\/2025\/06\/Policia-300x193.png","jetpack_publicize_connections":[],"coauthors":[],"tax_additional":{"categories":{"linked":["<a href=\"https:\/\/portaldeyoung.uy\/index.php\/category\/del-pais\/\" class=\"advgb-post-tax-term\">Del pa\u00eds<\/a>"],"unlinked":["<span class=\"advgb-post-tax-term\">Del pa\u00eds<\/span>"]}},"comment_count":"0","relative_dates":{"created":"Publicado 9 meses hace","modified":"Actualizado 9 meses hace"},"absolute_dates":{"created":"Publicado el agosto 4, 2025","modified":"Actualizado el agosto 4, 2025"},"absolute_dates_time":{"created":"Publicado el agosto 4, 2025 12:09 pm","modified":"Actualizado el agosto 4, 2025 12:09 pm"},"featured_img_caption":"","series_order":"","_links":{"self":[{"href":"https:\/\/portaldeyoung.uy\/index.php\/wp-json\/wp\/v2\/posts\/2066","targetHints":{"allow":["GET"]}}],"collection":[{"href":"https:\/\/portaldeyoung.uy\/index.php\/wp-json\/wp\/v2\/posts"}],"about":[{"href":"https:\/\/portaldeyoung.uy\/index.php\/wp-json\/wp\/v2\/types\/post"}],"author":[{"embeddable":true,"href":"https:\/\/portaldeyoung.uy\/index.php\/wp-json\/wp\/v2\/users\/1"}],"replies":[{"embeddable":true,"href":"https:\/\/portaldeyoung.uy\/index.php\/wp-json\/wp\/v2\/comments?post=2066"}],"version-history":[{"count":1,"href":"https:\/\/portaldeyoung.uy\/index.php\/wp-json\/wp\/v2\/posts\/2066\/revisions"}],"predecessor-version":[{"id":2067,"href":"https:\/\/portaldeyoung.uy\/index.php\/wp-json\/wp\/v2\/posts\/2066\/revisions\/2067"}],"wp:featuredmedia":[{"embeddable":true,"href":"https:\/\/portaldeyoung.uy\/index.php\/wp-json\/wp\/v2\/media\/500"}],"wp:attachment":[{"href":"https:\/\/portaldeyoung.uy\/index.php\/wp-json\/wp\/v2\/media?parent=2066"}],"wp:term":[{"taxonomy":"category","embeddable":true,"href":"https:\/\/portaldeyoung.uy\/index.php\/wp-json\/wp\/v2\/categories?post=2066"},{"taxonomy":"post_tag","embeddable":true,"href":"https:\/\/portaldeyoung.uy\/index.php\/wp-json\/wp\/v2\/tags?post=2066"}],"curies":[{"name":"wp","href":"https:\/\/api.w.org\/{rel}","templated":true}]}}