{"id":2031,"date":"2025-08-01T10:31:46","date_gmt":"2025-08-01T10:31:46","guid":{"rendered":"https:\/\/portaldeyoung.uy\/?p=2031"},"modified":"2025-08-01T10:31:51","modified_gmt":"2025-08-01T10:31:51","slug":"choque-entre-dos-camiones-que-transportaban-troncos-termino-con-uno-de-los-conductores-lesionado-tras-quedar-atrapado-en-la-cabina","status":"publish","type":"post","link":"https:\/\/portaldeyoung.uy\/index.php\/2025\/08\/01\/choque-entre-dos-camiones-que-transportaban-troncos-termino-con-uno-de-los-conductores-lesionado-tras-quedar-atrapado-en-la-cabina\/","title":{"rendered":"Choque entre dos camiones que transportaban troncos termin\u00f3 con uno de los conductores lesionado tras quedar atrapado en la cabina"},"content":{"rendered":"\n<p>El siniestro sucedi\u00f3 en Treinta y Tres, sobre un puente en reparaci\u00f3n en la ruta 8.<\/p>\n\n\n\n<p>Un choque entre dos camiones que transportaban troncos termin\u00f3 con uno de los conductores lesionado tras quedar atrapado en la cabina de su veh\u00edculo. El siniestro sucedi\u00f3 en Treinta y Tres, sobre un puente en reparaci\u00f3n en la ruta 8.<\/p>\n\n\n\n<p>El hecho tuvo lugar a \u00faltima hora de este jueves, sobre las 23:50 horas, a la altura del kil\u00f3metro 305.<\/p>\n\n\n\n<p>All\u00ed, por causas que se investigan, se dio \u201cuna colisi\u00f3n por alcance entre dos camiones de transporte de productos forestales\u201d, seg\u00fan inform\u00f3 la Polic\u00eda Caminera.<\/p>\n\n\n\n<figure class=\"wp-block-image size-large\"><img loading=\"lazy\" decoding=\"async\" width=\"1024\" height=\"575\" src=\"https:\/\/portaldeyoung.uy\/wp-content\/uploads\/2025\/08\/Camiones-choque-2-1024x575.jpeg\" alt=\"\" class=\"wp-image-2033\" srcset=\"https:\/\/portaldeyoung.uy\/wp-content\/uploads\/2025\/08\/Camiones-choque-2-1024x575.jpeg 1024w, https:\/\/portaldeyoung.uy\/wp-content\/uploads\/2025\/08\/Camiones-choque-2-300x169.jpeg 300w, https:\/\/portaldeyoung.uy\/wp-content\/uploads\/2025\/08\/Camiones-choque-2-768x432.jpeg 768w, https:\/\/portaldeyoung.uy\/wp-content\/uploads\/2025\/08\/Camiones-choque-2.jpeg 1536w\" sizes=\"auto, (max-width: 1024px) 100vw, 1024px\" \/><\/figure>\n\n\n\n<p>Como consecuencia de lo sucedido, el conductor del cami\u00f3n que iba detr\u00e1s qued\u00f3 atrapado en la cabina del veh\u00edculo y result\u00f3 \u201cpolitraumatizado\u201d. Se trata de un hombre de 32 a\u00f1os.<\/p>\n\n\n\n<p>En tanto, el conductor del primer cami\u00f3n, un hombre de 54 a\u00f1os, termin\u00f3 ileso.<\/p>\n\n\n\n<p>\u201cLa ruta se mantuvo totalmente obstruida hasta la hora 05:30, al momento queda habilitado solamente el pasaje de veh\u00edculos livianos, veh\u00edculos pesados como \u00f3mnibus y camiones permanece obstruida su circulaci\u00f3n debido a que el siniestro por alcance ocurri\u00f3 sobre un puente en obra, se estima esta situaci\u00f3n contin\u00fae durante la ma\u00f1ana inclusive debido a la dificultad para retirar los veh\u00edculos. El puente en reparaci\u00f3n se encontraba correctamente balizado y con sem\u00e1foros de obra en funcionamiento\u201d, agregaron desde Caminera.<\/p>\n\n\n\n<p><em>*Telemundo<\/em><\/p>\n","protected":false},"excerpt":{"rendered":"<p>El siniestro sucedi\u00f3 en Treinta y Tres, sobre un puente en reparaci\u00f3n en la ruta 8. Un choque entre dos camiones que transportaban troncos termin\u00f3<\/p>\n","protected":false},"author":1,"featured_media":2032,"comment_status":"open","ping_status":"open","sticky":false,"template":"","format":"standard","meta":{"advgb_blocks_editor_width":"","advgb_blocks_columns_visual_guide":"","footnotes":"","jetpack_publicize_message":"","jetpack_publicize_feature_enabled":true,"jetpack_social_post_already_shared":true,"jetpack_social_options":{"image_generator_settings":{"template":"highway","default_image_id":0,"font":"","enabled":false},"version":2}},"categories":[7],"tags":[],"class_list":["post-2031","post","type-post","status-publish","format-standard","has-post-thumbnail","hentry","category-del-pais"],"author_meta":{"display_name":"Portal","author_link":"https:\/\/portaldeyoung.uy\/index.php\/author\/admin_port\/"},"featured_img":"https:\/\/portaldeyoung.uy\/wp-content\/uploads\/2025\/08\/Camiones-choque-300x169.jpeg","jetpack_publicize_connections":[],"coauthors":[],"tax_additional":{"categories":{"linked":["<a href=\"https:\/\/portaldeyoung.uy\/index.php\/category\/del-pais\/\" class=\"advgb-post-tax-term\">Del pa\u00eds<\/a>"],"unlinked":["<span class=\"advgb-post-tax-term\">Del pa\u00eds<\/span>"]}},"comment_count":"0","relative_dates":{"created":"Publicado 9 meses hace","modified":"Actualizado 9 meses hace"},"absolute_dates":{"created":"Publicado el agosto 1, 2025","modified":"Actualizado el agosto 1, 2025"},"absolute_dates_time":{"created":"Publicado el agosto 1, 2025 10:31 am","modified":"Actualizado el agosto 1, 2025 10:31 am"},"featured_img_caption":"","series_order":"","_links":{"self":[{"href":"https:\/\/portaldeyoung.uy\/index.php\/wp-json\/wp\/v2\/posts\/2031","targetHints":{"allow":["GET"]}}],"collection":[{"href":"https:\/\/portaldeyoung.uy\/index.php\/wp-json\/wp\/v2\/posts"}],"about":[{"href":"https:\/\/portaldeyoung.uy\/index.php\/wp-json\/wp\/v2\/types\/post"}],"author":[{"embeddable":true,"href":"https:\/\/portaldeyoung.uy\/index.php\/wp-json\/wp\/v2\/users\/1"}],"replies":[{"embeddable":true,"href":"https:\/\/portaldeyoung.uy\/index.php\/wp-json\/wp\/v2\/comments?post=2031"}],"version-history":[{"count":1,"href":"https:\/\/portaldeyoung.uy\/index.php\/wp-json\/wp\/v2\/posts\/2031\/revisions"}],"predecessor-version":[{"id":2034,"href":"https:\/\/portaldeyoung.uy\/index.php\/wp-json\/wp\/v2\/posts\/2031\/revisions\/2034"}],"wp:featuredmedia":[{"embeddable":true,"href":"https:\/\/portaldeyoung.uy\/index.php\/wp-json\/wp\/v2\/media\/2032"}],"wp:attachment":[{"href":"https:\/\/portaldeyoung.uy\/index.php\/wp-json\/wp\/v2\/media?parent=2031"}],"wp:term":[{"taxonomy":"category","embeddable":true,"href":"https:\/\/portaldeyoung.uy\/index.php\/wp-json\/wp\/v2\/categories?post=2031"},{"taxonomy":"post_tag","embeddable":true,"href":"https:\/\/portaldeyoung.uy\/index.php\/wp-json\/wp\/v2\/tags?post=2031"}],"curies":[{"name":"wp","href":"https:\/\/api.w.org\/{rel}","templated":true}]}}