{"id":1988,"date":"2025-07-31T11:16:13","date_gmt":"2025-07-31T11:16:13","guid":{"rendered":"https:\/\/portaldeyoung.uy\/?p=1988"},"modified":"2025-07-31T17:04:30","modified_gmt":"2025-07-31T17:04:30","slug":"siniestro-de-transito-en-ruta-no3-espirometria-positiva-del-conductor","status":"publish","type":"post","link":"https:\/\/portaldeyoung.uy\/index.php\/2025\/07\/31\/siniestro-de-transito-en-ruta-no3-espirometria-positiva-del-conductor\/","title":{"rendered":"Siniestro de Tr\u00e1nsito en Ruta N\u00ba3: espirometr\u00eda positiva del conductor"},"content":{"rendered":"\n<p>En un incidente reportado por la Jefatura de Polic\u00eda de R\u00edo Negro, se informa sobre un siniestro de tr\u00e1nsito ocurrido en la Ruta N\u00ba3, espec\u00edficamente en el Kil\u00f3metro 265. Seg\u00fan el informe policial, funcionarios del Batall\u00f3n de Infanter\u00eda N\u00ba 8 de Paysand\u00fa fueron los primeros en intervenir al observar un foco \u00edgneo en una camioneta en la banquina.<\/p>\n\n\n\n<p>El conductor involucrado, identificado como A.S., declar\u00f3 que circulaba de sur a norte cuando impact\u00f3 con un moj\u00f3n, perdiendo el control del veh\u00edculo y desvi\u00e1ndose hacia la banquina derecha, finalizando su trayectoria en sentido contrario. Afortunadamente, el conductor no sufri\u00f3 lesiones en el incidente.<\/p>\n\n\n\n<p>Durante el procedimiento, se realiz\u00f3 una prueba de espirometr\u00eda al conductor, arrojando un resultado positivo de 1.66 gramos de alcohol por litro de sangre. Adem\u00e1s, se constat\u00f3 que el veh\u00edculo carec\u00eda de toda la documentaci\u00f3n necesaria, lo que result\u00f3 en la incautaci\u00f3n del mismo y la confecci\u00f3n de las boletas de contravenci\u00f3n correspondientes.<\/p>\n\n\n\n<p>Las autoridades destacaron la colaboraci\u00f3n del Batall\u00f3n de Infanter\u00eda N\u00ba8 en el control del incendio del veh\u00edculo, evitando as\u00ed una propagaci\u00f3n mayor del fuego en la zona.<\/p>\n","protected":false},"excerpt":{"rendered":"<p>En un incidente reportado por la Jefatura de Polic\u00eda de R\u00edo Negro, se informa sobre un siniestro de tr\u00e1nsito ocurrido en la Ruta N\u00ba3, espec\u00edficamente<\/p>\n","protected":false},"author":1,"featured_media":1687,"comment_status":"open","ping_status":"open","sticky":false,"template":"","format":"standard","meta":{"advgb_blocks_editor_width":"","advgb_blocks_columns_visual_guide":"","footnotes":"","jetpack_publicize_message":"","jetpack_publicize_feature_enabled":true,"jetpack_social_post_already_shared":true,"jetpack_social_options":{"image_generator_settings":{"template":"highway","default_image_id":0,"font":"","enabled":false},"version":2}},"categories":[4],"tags":[],"class_list":["post-1988","post","type-post","status-publish","format-standard","has-post-thumbnail","hentry","category-de-aca"],"author_meta":{"display_name":"Portal","author_link":"https:\/\/portaldeyoung.uy\/index.php\/author\/admin_port\/"},"featured_img":"https:\/\/portaldeyoung.uy\/wp-content\/uploads\/2025\/07\/Policias-300x153.png","jetpack_publicize_connections":[],"coauthors":[],"tax_additional":{"categories":{"linked":["<a href=\"https:\/\/portaldeyoung.uy\/index.php\/category\/de-aca\/\" class=\"advgb-post-tax-term\">De ac\u00e1<\/a>"],"unlinked":["<span class=\"advgb-post-tax-term\">De ac\u00e1<\/span>"]}},"comment_count":"0","relative_dates":{"created":"Publicado 9 meses hace","modified":"Actualizado 9 meses hace"},"absolute_dates":{"created":"Publicado el julio 31, 2025","modified":"Actualizado el julio 31, 2025"},"absolute_dates_time":{"created":"Publicado el julio 31, 2025 11:16 am","modified":"Actualizado el julio 31, 2025 5:04 pm"},"featured_img_caption":"","series_order":"","_links":{"self":[{"href":"https:\/\/portaldeyoung.uy\/index.php\/wp-json\/wp\/v2\/posts\/1988","targetHints":{"allow":["GET"]}}],"collection":[{"href":"https:\/\/portaldeyoung.uy\/index.php\/wp-json\/wp\/v2\/posts"}],"about":[{"href":"https:\/\/portaldeyoung.uy\/index.php\/wp-json\/wp\/v2\/types\/post"}],"author":[{"embeddable":true,"href":"https:\/\/portaldeyoung.uy\/index.php\/wp-json\/wp\/v2\/users\/1"}],"replies":[{"embeddable":true,"href":"https:\/\/portaldeyoung.uy\/index.php\/wp-json\/wp\/v2\/comments?post=1988"}],"version-history":[{"count":1,"href":"https:\/\/portaldeyoung.uy\/index.php\/wp-json\/wp\/v2\/posts\/1988\/revisions"}],"predecessor-version":[{"id":1989,"href":"https:\/\/portaldeyoung.uy\/index.php\/wp-json\/wp\/v2\/posts\/1988\/revisions\/1989"}],"wp:featuredmedia":[{"embeddable":true,"href":"https:\/\/portaldeyoung.uy\/index.php\/wp-json\/wp\/v2\/media\/1687"}],"wp:attachment":[{"href":"https:\/\/portaldeyoung.uy\/index.php\/wp-json\/wp\/v2\/media?parent=1988"}],"wp:term":[{"taxonomy":"category","embeddable":true,"href":"https:\/\/portaldeyoung.uy\/index.php\/wp-json\/wp\/v2\/categories?post=1988"},{"taxonomy":"post_tag","embeddable":true,"href":"https:\/\/portaldeyoung.uy\/index.php\/wp-json\/wp\/v2\/tags?post=1988"}],"curies":[{"name":"wp","href":"https:\/\/api.w.org\/{rel}","templated":true}]}}