{"id":1971,"date":"2025-07-31T10:28:50","date_gmt":"2025-07-31T10:28:50","guid":{"rendered":"https:\/\/portaldeyoung.uy\/?p=1971"},"modified":"2025-07-31T10:28:54","modified_gmt":"2025-07-31T10:28:54","slug":"diputados-comision-de-hacienda-voto-reducir-50-tasa-de-iva-en-departamentos-fronterizos","status":"publish","type":"post","link":"https:\/\/portaldeyoung.uy\/index.php\/2025\/07\/31\/diputados-comision-de-hacienda-voto-reducir-50-tasa-de-iva-en-departamentos-fronterizos\/","title":{"rendered":"Diputados: Comisi\u00f3n de Hacienda vot\u00f3 reducir 50% tasa de IVA en departamentos fronterizos"},"content":{"rendered":"\n<p>Los legisladores aprobaron una serie de medidas con el fin de mitigar la diferencia cambiaria en las zonas lim\u00edtrofes a Argentina y Brasil.<\/p>\n\n\n\n<p>La Comisi\u00f3n de Hacienda de la C\u00e1mara de Diputados <strong>se reuni\u00f3 este mi\u00e9rcoles para votar el proyecto de ley enviado por el Poder Ejecutivo que busca mitigar la diferencia cambiaria en los departamentos pr\u00f3ximos a las fronteras de Argentina y Brasil.<\/strong><\/p>\n\n\n\n<p>En tal sentido, la presidenta de la comisi\u00f3n, <strong>Julieta Sierra, ponder\u00f3 que el proyecto \u201ces una se\u00f1al hist\u00f3rica\u201d<\/strong> del gobierno de Yamand\u00fa Orsi en relaci\u00f3n con los departamentos del litoral y del norte.<\/p>\n\n\n\n<p>Seg\u00fan profundiz\u00f3, el proyecto <strong>\u201cconsiste en generar un r\u00e9gimen especial, un procedimiento aduanero simplificado para determinados productos, que beneficie a los peque\u00f1os y medianos comerciantes\u201d.&nbsp;<\/strong><\/p>\n\n\n\n<p>Concretamente, se produce \u201c<strong>l<\/strong><strong>a exoneraci\u00f3n de aportes patronales jubilatorios a nuevos empleos en un 75%,<\/strong> lo que da fomento a la formalidad en departamentos donde la informalidad laboral es alt\u00edsima, <strong>exonerar aportes patronales jubilatorios a nuevos empleos para as\u00ed fomentar la generaci\u00f3n de estos puestos de trabajo de calidad y formales\u201d<\/strong>, seg\u00fan reza el comunicado.&nbsp;<\/p>\n\n\n\n<p>Adem\u00e1s, consider\u00f3 como otra medida <strong>\u201cla reducci\u00f3n del IVA (impuesto al valor agregado) de muchos productos<\/strong> y es fundamental tambi\u00e9n para poder abaratar los costos para los comerciantes venderlos, y para la ciudadan\u00eda\u201d.&nbsp;<\/p>\n\n\n\n<p>Seg\u00fan aclar\u00f3, la medida <strong>\u201cno opera para cualquier transacci\u00f3n, sino que est\u00e1 prevista para las compras cotidianas que la gente realiza:<\/strong> operaciones que no superen el equivalente a las 2.000 unidades indexadas (aproximadamente $13.000) y se establece un monto m\u00e1ximo mensual de las operaciones que se pueden realizar en el orden de las 10.000 unidades indexadas ($ 63.600)\u201d.<\/p>\n\n\n\n<p>Por ende, <strong>\u201ccomprende las compras de determinadas mercader\u00edas en comercios minoristas de ramos generales localizados a menos de veinte kil\u00f3metros<\/strong> de un paso de frontera y se implementar\u00e1n en el uso de tarjetas de d\u00e9bito o instrumentos de dinero electr\u00f3nico (con los mismos medios electr\u00f3nicos que opera hoy el descuento de dos puntos del IVA, no aplica a compras con tarjetas de cr\u00e9dito)\u201d.<\/p>\n\n\n\n<p><em>*Montevideo Portal<\/em><\/p>\n","protected":false},"excerpt":{"rendered":"<p>Los legisladores aprobaron una serie de medidas con el fin de mitigar la diferencia cambiaria en las zonas lim\u00edtrofes a Argentina y Brasil. La Comisi\u00f3n<\/p>\n","protected":false},"author":1,"featured_media":373,"comment_status":"open","ping_status":"open","sticky":false,"template":"","format":"standard","meta":{"advgb_blocks_editor_width":"","advgb_blocks_columns_visual_guide":"","footnotes":"","jetpack_publicize_message":"","jetpack_publicize_feature_enabled":true,"jetpack_social_post_already_shared":true,"jetpack_social_options":{"image_generator_settings":{"template":"highway","default_image_id":0,"font":"","enabled":false},"version":2}},"categories":[7],"tags":[],"class_list":["post-1971","post","type-post","status-publish","format-standard","has-post-thumbnail","hentry","category-del-pais"],"author_meta":{"display_name":"Portal","author_link":"https:\/\/portaldeyoung.uy\/index.php\/author\/admin_port\/"},"featured_img":"https:\/\/portaldeyoung.uy\/wp-content\/uploads\/2025\/06\/puente-paysandu-colon-300x200.jpg","jetpack_publicize_connections":[],"coauthors":[],"tax_additional":{"categories":{"linked":["<a href=\"https:\/\/portaldeyoung.uy\/index.php\/category\/del-pais\/\" class=\"advgb-post-tax-term\">Del pa\u00eds<\/a>"],"unlinked":["<span class=\"advgb-post-tax-term\">Del pa\u00eds<\/span>"]}},"comment_count":"0","relative_dates":{"created":"Publicado 9 meses hace","modified":"Actualizado 9 meses hace"},"absolute_dates":{"created":"Publicado el julio 31, 2025","modified":"Actualizado el julio 31, 2025"},"absolute_dates_time":{"created":"Publicado el julio 31, 2025 10:28 am","modified":"Actualizado el julio 31, 2025 10:28 am"},"featured_img_caption":"","series_order":"","_links":{"self":[{"href":"https:\/\/portaldeyoung.uy\/index.php\/wp-json\/wp\/v2\/posts\/1971","targetHints":{"allow":["GET"]}}],"collection":[{"href":"https:\/\/portaldeyoung.uy\/index.php\/wp-json\/wp\/v2\/posts"}],"about":[{"href":"https:\/\/portaldeyoung.uy\/index.php\/wp-json\/wp\/v2\/types\/post"}],"author":[{"embeddable":true,"href":"https:\/\/portaldeyoung.uy\/index.php\/wp-json\/wp\/v2\/users\/1"}],"replies":[{"embeddable":true,"href":"https:\/\/portaldeyoung.uy\/index.php\/wp-json\/wp\/v2\/comments?post=1971"}],"version-history":[{"count":1,"href":"https:\/\/portaldeyoung.uy\/index.php\/wp-json\/wp\/v2\/posts\/1971\/revisions"}],"predecessor-version":[{"id":1972,"href":"https:\/\/portaldeyoung.uy\/index.php\/wp-json\/wp\/v2\/posts\/1971\/revisions\/1972"}],"wp:featuredmedia":[{"embeddable":true,"href":"https:\/\/portaldeyoung.uy\/index.php\/wp-json\/wp\/v2\/media\/373"}],"wp:attachment":[{"href":"https:\/\/portaldeyoung.uy\/index.php\/wp-json\/wp\/v2\/media?parent=1971"}],"wp:term":[{"taxonomy":"category","embeddable":true,"href":"https:\/\/portaldeyoung.uy\/index.php\/wp-json\/wp\/v2\/categories?post=1971"},{"taxonomy":"post_tag","embeddable":true,"href":"https:\/\/portaldeyoung.uy\/index.php\/wp-json\/wp\/v2\/tags?post=1971"}],"curies":[{"name":"wp","href":"https:\/\/api.w.org\/{rel}","templated":true}]}}