{"id":1965,"date":"2025-07-31T10:18:03","date_gmt":"2025-07-31T10:18:03","guid":{"rendered":"https:\/\/portaldeyoung.uy\/?p=1965"},"modified":"2025-07-31T10:18:06","modified_gmt":"2025-07-31T10:18:06","slug":"tenemos-por-encima-de-los-1-300-incendios-en-estructura-y-llevamos-al-momento-25-vidas-perdidas-dijo-vocera-de-bomberos","status":"publish","type":"post","link":"https:\/\/portaldeyoung.uy\/index.php\/2025\/07\/31\/tenemos-por-encima-de-los-1-300-incendios-en-estructura-y-llevamos-al-momento-25-vidas-perdidas-dijo-vocera-de-bomberos\/","title":{"rendered":"\u00abTenemos por encima de los 1.300 incendios en estructura y llevamos al momento 25 vidas perdidas\u00bb, dijo vocera de Bomberos"},"content":{"rendered":"\n<p>Victoria Barboza dijo que registran un aumento de incendios en estructuras respecto al mismo per\u00edodo del 2024.<\/p>\n\n\n\n<p><strong>Bomberos<\/strong> registra un mayor n\u00famero de <strong>incendios<\/strong> en estructuras respecto al mismo per\u00edodo del a\u00f1o pasado, seg\u00fan inform\u00f3 a <em>Subrayado<\/em> la vocera Victoria Barboza.<\/p>\n\n\n\n<p>\u00abTenemos por encima de los 1.300 incendios en estructura y llevamos al momento 25 vidas perdidas. Estamos un poco por encima del promedio que llev\u00e1bamos al d\u00eda de la fecha en a\u00f1os anteriores\u00bb.<\/p>\n\n\n\n<p>Barboza coment\u00f3 que realizaron simulacros para concientizar a la gente sobre c\u00f3mo actuar ante una emergencia. Adem\u00e1s, exhort\u00f3 a descargar la App Emergencia Policial 911.<\/p>\n\n\n\n<p>Desde Bomberos explicaron las principales causas que provocan incendios en estructuras en esta \u00e9poca del a\u00f1o, entre ellas se destaca el mal uso de los artefactos de calefacci\u00f3n, \u00abmuchas veces por desconocimiento, muchas otras por imprudencias, por ejemplo con las estufas a le\u00f1a\u00bb.<\/p>\n\n\n\n<p>Los efectivos recomiendan realizar la limpieza correcta del ducto, la utilizaci\u00f3n de chispero, quitar material combustible del lugar de la estufa, no sobrecargar tomas corrientes, de forma de evitar siniestros.<\/p>\n","protected":false},"excerpt":{"rendered":"<p>Victoria Barboza dijo que registran un aumento de incendios en estructuras respecto al mismo per\u00edodo del 2024. Bomberos registra un mayor n\u00famero de incendios en<\/p>\n","protected":false},"author":1,"featured_media":1966,"comment_status":"open","ping_status":"open","sticky":false,"template":"","format":"standard","meta":{"advgb_blocks_editor_width":"","advgb_blocks_columns_visual_guide":"","footnotes":"","jetpack_publicize_message":"","jetpack_publicize_feature_enabled":true,"jetpack_social_post_already_shared":true,"jetpack_social_options":{"image_generator_settings":{"template":"highway","default_image_id":0,"font":"","enabled":false},"version":2}},"categories":[7],"tags":[],"class_list":["post-1965","post","type-post","status-publish","format-standard","has-post-thumbnail","hentry","category-del-pais"],"author_meta":{"display_name":"Portal","author_link":"https:\/\/portaldeyoung.uy\/index.php\/author\/admin_port\/"},"featured_img":"https:\/\/portaldeyoung.uy\/wp-content\/uploads\/2025\/07\/Bomberos-1-300x211.png","jetpack_publicize_connections":[],"coauthors":[],"tax_additional":{"categories":{"linked":["<a href=\"https:\/\/portaldeyoung.uy\/index.php\/category\/del-pais\/\" class=\"advgb-post-tax-term\">Del pa\u00eds<\/a>"],"unlinked":["<span class=\"advgb-post-tax-term\">Del pa\u00eds<\/span>"]}},"comment_count":"0","relative_dates":{"created":"Publicado 9 meses hace","modified":"Actualizado 9 meses hace"},"absolute_dates":{"created":"Publicado el julio 31, 2025","modified":"Actualizado el julio 31, 2025"},"absolute_dates_time":{"created":"Publicado el julio 31, 2025 10:18 am","modified":"Actualizado el julio 31, 2025 10:18 am"},"featured_img_caption":"","series_order":"","_links":{"self":[{"href":"https:\/\/portaldeyoung.uy\/index.php\/wp-json\/wp\/v2\/posts\/1965","targetHints":{"allow":["GET"]}}],"collection":[{"href":"https:\/\/portaldeyoung.uy\/index.php\/wp-json\/wp\/v2\/posts"}],"about":[{"href":"https:\/\/portaldeyoung.uy\/index.php\/wp-json\/wp\/v2\/types\/post"}],"author":[{"embeddable":true,"href":"https:\/\/portaldeyoung.uy\/index.php\/wp-json\/wp\/v2\/users\/1"}],"replies":[{"embeddable":true,"href":"https:\/\/portaldeyoung.uy\/index.php\/wp-json\/wp\/v2\/comments?post=1965"}],"version-history":[{"count":1,"href":"https:\/\/portaldeyoung.uy\/index.php\/wp-json\/wp\/v2\/posts\/1965\/revisions"}],"predecessor-version":[{"id":1967,"href":"https:\/\/portaldeyoung.uy\/index.php\/wp-json\/wp\/v2\/posts\/1965\/revisions\/1967"}],"wp:featuredmedia":[{"embeddable":true,"href":"https:\/\/portaldeyoung.uy\/index.php\/wp-json\/wp\/v2\/media\/1966"}],"wp:attachment":[{"href":"https:\/\/portaldeyoung.uy\/index.php\/wp-json\/wp\/v2\/media?parent=1965"}],"wp:term":[{"taxonomy":"category","embeddable":true,"href":"https:\/\/portaldeyoung.uy\/index.php\/wp-json\/wp\/v2\/categories?post=1965"},{"taxonomy":"post_tag","embeddable":true,"href":"https:\/\/portaldeyoung.uy\/index.php\/wp-json\/wp\/v2\/tags?post=1965"}],"curies":[{"name":"wp","href":"https:\/\/api.w.org\/{rel}","templated":true}]}}