{"id":1908,"date":"2025-07-30T10:47:55","date_gmt":"2025-07-30T10:47:55","guid":{"rendered":"https:\/\/portaldeyoung.uy\/?p=1908"},"modified":"2025-07-30T10:47:59","modified_gmt":"2025-07-30T10:47:59","slug":"seis-uruguayos-mueren-por-dia-por-acv-el-riesgo-aumenta-por-sedentarismo-tabaquismo-e-hipertension-mal-controlada","status":"publish","type":"post","link":"https:\/\/portaldeyoung.uy\/index.php\/2025\/07\/30\/seis-uruguayos-mueren-por-dia-por-acv-el-riesgo-aumenta-por-sedentarismo-tabaquismo-e-hipertension-mal-controlada\/","title":{"rendered":"Seis uruguayos mueren por d\u00eda por acv; el riesgo aumenta por sedentarismo, tabaquismo e hipertensi\u00f3n mal controlada"},"content":{"rendered":"\n<p>La muerte de la boxeadora argentina, Alejandra \u00abLocomotora\u00bb Oliveras despert\u00f3 las alarmas en lo que respecta a los accidentes cardiovasculares.<\/p>\n\n\n\n<p>La muerte de la boxeadora argentina \u00abLocomotora\u00bb Oliveras puso sobre la mesa el tema de los accidentes cardiovasculares. En Uruguay mueren seis personas por d\u00eda a causa de accidentes cardiovasculares.<\/p>\n\n\n\n<p>La neur\u00f3loga, Lorena Castro, explic\u00f3 a <em>Subrayado<\/em> que en los deportistas disminuir\u00edan bastante ya que el ejercicio es un factor protector, opuesto al sedentarismo que es un factor de riesgo.<\/p>\n\n\n\n<p>\u00abSi bien era deportista de alto rendimiento, en realidad falleci\u00f3 por un acv que no tiene nada que ver con el deporte. En realidad ocurri\u00f3 porque era una paciente con factores de riesgo vasculares, como es la hipertensi\u00f3n y era una hipertensa que no estaba bien controlada y, seguramente, eso ofici\u00f3 como un factor de riesgo cardiovascular para tener su <strong>acv<\/strong>\u00ab.<\/p>\n\n\n\n<p>Consultada sobre los factores de riesgo m\u00e1s comunes, la m\u00e9dica indic\u00f3 que los mismos son la hipertensi\u00f3n, la diabetes, el sedentarismo, el ser tabaquista, el alcoholismo y la obesidad.<\/p>\n\n\n\n<p>En lo que respecta a los s\u00edntomas, Castro dijo que se presenta d\u00e9ficit motor, p\u00e9rdida de sensibilidad, problemas para hablar, alteraciones del equilibrio, entre otros.<\/p>\n\n\n\n<p>Por su parte, el m\u00e9dico deport\u00f3logo, Gladimir Melo, coment\u00f3 que en el caso de los boxeadores, los impactos en la cabeza pueden generar lesiones graves y recomienda la atenci\u00f3n inmediata ante eventos importantes.<\/p>\n\n\n\n<p>Para Melo, lo ideal ser\u00eda que el boxeador utilizara una protecci\u00f3n para evitar los golpes y se realizara controles m\u00e9dicos. \u00abEl cerebro se mueve dentro del cr\u00e1neo y golpea contra esa c\u00e1scara \u00f3sea y eso tambi\u00e9n genera lesiones en ese nivel\u00bb.<\/p>\n","protected":false},"excerpt":{"rendered":"<p>La muerte de la boxeadora argentina, Alejandra \u00abLocomotora\u00bb Oliveras despert\u00f3 las alarmas en lo que respecta a los accidentes cardiovasculares. La muerte de la boxeadora<\/p>\n","protected":false},"author":1,"featured_media":1909,"comment_status":"open","ping_status":"open","sticky":false,"template":"","format":"standard","meta":{"advgb_blocks_editor_width":"","advgb_blocks_columns_visual_guide":"","footnotes":"","jetpack_publicize_message":"","jetpack_publicize_feature_enabled":true,"jetpack_social_post_already_shared":true,"jetpack_social_options":{"image_generator_settings":{"template":"highway","default_image_id":0,"font":"","enabled":false},"version":2}},"categories":[7],"tags":[],"class_list":["post-1908","post","type-post","status-publish","format-standard","has-post-thumbnail","hentry","category-del-pais"],"author_meta":{"display_name":"Portal","author_link":"https:\/\/portaldeyoung.uy\/index.php\/author\/admin_port\/"},"featured_img":"https:\/\/portaldeyoung.uy\/wp-content\/uploads\/2025\/07\/boxeadora-muerta1-300x211.png","jetpack_publicize_connections":[],"coauthors":[],"tax_additional":{"categories":{"linked":["<a href=\"https:\/\/portaldeyoung.uy\/index.php\/category\/del-pais\/\" class=\"advgb-post-tax-term\">Del pa\u00eds<\/a>"],"unlinked":["<span class=\"advgb-post-tax-term\">Del pa\u00eds<\/span>"]}},"comment_count":"0","relative_dates":{"created":"Publicado 9 meses hace","modified":"Actualizado 9 meses hace"},"absolute_dates":{"created":"Publicado el julio 30, 2025","modified":"Actualizado el julio 30, 2025"},"absolute_dates_time":{"created":"Publicado el julio 30, 2025 10:47 am","modified":"Actualizado el julio 30, 2025 10:47 am"},"featured_img_caption":"","series_order":"","_links":{"self":[{"href":"https:\/\/portaldeyoung.uy\/index.php\/wp-json\/wp\/v2\/posts\/1908","targetHints":{"allow":["GET"]}}],"collection":[{"href":"https:\/\/portaldeyoung.uy\/index.php\/wp-json\/wp\/v2\/posts"}],"about":[{"href":"https:\/\/portaldeyoung.uy\/index.php\/wp-json\/wp\/v2\/types\/post"}],"author":[{"embeddable":true,"href":"https:\/\/portaldeyoung.uy\/index.php\/wp-json\/wp\/v2\/users\/1"}],"replies":[{"embeddable":true,"href":"https:\/\/portaldeyoung.uy\/index.php\/wp-json\/wp\/v2\/comments?post=1908"}],"version-history":[{"count":1,"href":"https:\/\/portaldeyoung.uy\/index.php\/wp-json\/wp\/v2\/posts\/1908\/revisions"}],"predecessor-version":[{"id":1910,"href":"https:\/\/portaldeyoung.uy\/index.php\/wp-json\/wp\/v2\/posts\/1908\/revisions\/1910"}],"wp:featuredmedia":[{"embeddable":true,"href":"https:\/\/portaldeyoung.uy\/index.php\/wp-json\/wp\/v2\/media\/1909"}],"wp:attachment":[{"href":"https:\/\/portaldeyoung.uy\/index.php\/wp-json\/wp\/v2\/media?parent=1908"}],"wp:term":[{"taxonomy":"category","embeddable":true,"href":"https:\/\/portaldeyoung.uy\/index.php\/wp-json\/wp\/v2\/categories?post=1908"},{"taxonomy":"post_tag","embeddable":true,"href":"https:\/\/portaldeyoung.uy\/index.php\/wp-json\/wp\/v2\/tags?post=1908"}],"curies":[{"name":"wp","href":"https:\/\/api.w.org\/{rel}","templated":true}]}}