{"id":1871,"date":"2025-07-29T09:43:53","date_gmt":"2025-07-29T09:43:53","guid":{"rendered":"https:\/\/portaldeyoung.uy\/?p=1871"},"modified":"2025-07-29T09:44:29","modified_gmt":"2025-07-29T09:44:29","slug":"odisea-rural-omnibus-quedo-varado-rumbo-a-tacuarembo-y-maestras-reclaman-caminos-seguros","status":"publish","type":"post","link":"https:\/\/portaldeyoung.uy\/index.php\/2025\/07\/29\/odisea-rural-omnibus-quedo-varado-rumbo-a-tacuarembo-y-maestras-reclaman-caminos-seguros\/","title":{"rendered":"Odisea rural: \u00f3mnibus qued\u00f3 varado rumbo a Tacuaremb\u00f3 y maestras reclaman caminos seguros"},"content":{"rendered":"\n<p>Un <strong>\u00f3mnibus<\/strong> que se dirig\u00eda a <strong>Tacuaremb\u00f3<\/strong> qued\u00f3 <strong>varado<\/strong> en la ma\u00f1ana de este lunes, luego de desviarse por un <strong>camino alternativo en mal estado<\/strong> rumbo a la zona de <strong>Tiatucur\u00e1<\/strong>. A bordo de la <strong>unidad 248 de Copay<\/strong> viajaban unas 15 personas, entre ellas varias <strong>maestras<\/strong> que se trasladaban hacia sus <strong>centros educativos<\/strong>.<\/p>\n\n\n\n<p>El hecho se registr\u00f3 cerca de las 6 de la ma\u00f1ana, cuando el veh\u00edculo, tras pasar por <strong>Morat\u00f3<\/strong>, tom\u00f3 el trayecto conocido como \u201c<strong>camino de arriba<\/strong>\u201d, una v\u00eda secundaria utilizada habitualmente para evitar el cruce de los <strong>arroyos Sarand\u00ed<\/strong> y <strong>Tiatucur\u00e1<\/strong>. Sin embargo, debido al avanzado <strong>deterioro del camino y las recientes lluvias<\/strong>, el \u00f3mnibus qued\u00f3 <strong>atascado en el barro<\/strong>, lo que le impidi\u00f3 continuar su marcha. Seg\u00fan trascendi\u00f3, la misma unidad ya hab\u00eda enfrentado <strong>dificultades similares<\/strong> en ese tramo durante la semana anterior. Luego de un primer intento de remoci\u00f3n, el \u00f3mnibus volvi\u00f3 a encajarse pocos metros m\u00e1s adelante. Fue necesaria la intervenci\u00f3n de un <strong>tractor<\/strong> perteneciente a la <strong>estancia La Lolita<\/strong> para colaborar en el <strong>rescate del veh\u00edculo<\/strong>.&nbsp;<\/p>\n\n\n\n<p>La maestra <strong>Gabriela Bideberregain<\/strong>, directora de la <strong>Escuela 20 de Arbolito<\/strong>, relat\u00f3 a<em>la diario sanducero El Tel\u00e9grafo<\/em> que el \u00f3mnibus <strong>\u201csali\u00f3 a las 3.30 desde la Terminal de Paysand\u00fa\u201d<\/strong> con destino a <strong>Tacuaremb\u00f3<\/strong>. Viajaban personas que trabajan en localidades como <strong>Orgoroso<\/strong>, <strong>Piedras Coloradas<\/strong>, <strong>Morat\u00f3<\/strong>, <strong>Tiatucur\u00c1<\/strong>, <strong>Arbolito<\/strong>, <strong>Piedra Sola<\/strong> y hasta <strong>Rivera<\/strong>.<\/p>\n\n\n\n<p>Ante la intransitabilidad del <strong>arroyo Sarand\u00ed<\/strong>, el chofer opt\u00f3 por una v\u00eda alternativa. <strong>\u201cEs un camino m\u00e1s corto, pero m\u00e1s aislado y en mal estado. Ya lo hemos tenido que usar otras veces\u2026\u201d<\/strong>, explic\u00f3. A unos dos kil\u00f3metros, el \u00f3mnibus <strong>se hundi\u00f3 en el barro<\/strong>. <strong>\u201cNo hubo forma de sacarlo\u2026\u201d<\/strong>, agreg\u00f3.<\/p>\n\n\n\n<figure class=\"wp-block-image size-full\"><img loading=\"lazy\" decoding=\"async\" width=\"678\" height=\"381\" src=\"https:\/\/portaldeyoung.uy\/wp-content\/uploads\/2025\/07\/omnibus-de-copay-atascado.jpg\" alt=\"\" class=\"wp-image-1873\" srcset=\"https:\/\/portaldeyoung.uy\/wp-content\/uploads\/2025\/07\/omnibus-de-copay-atascado.jpg 678w, https:\/\/portaldeyoung.uy\/wp-content\/uploads\/2025\/07\/omnibus-de-copay-atascado-300x169.jpg 300w\" sizes=\"auto, (max-width: 678px) 100vw, 678px\" \/><\/figure>\n\n\n\n<h3 class=\"wp-block-heading\"><strong>Solidaridad rural y maniobras riesgosas<\/strong><\/h3>\n\n\n\n<p>La docente destac\u00f3 el accionar de <strong>vecinos y Polic\u00eda de Morat\u00f3<\/strong>. <strong>\u201cAgradecemos especialmente a la estancia La Lolita y al padre de una alumna que trajo el tractor\u201d<\/strong>, se\u00f1al\u00f3. Aunque el primer intento fall\u00f3, <strong>el \u00f3mnibus logr\u00f3 salir<\/strong> tras varias maniobras riesgosas. Despu\u00e9s, <strong>\u201cesperamos casi dos horas a que bajaran las aguas del arroyo\u2026 no se ve\u00eda el fondo. No hay se\u00f1alizaci\u00f3n ni barandas\u2026\u201d<\/strong>, describi\u00f3.<\/p>\n\n\n\n<p>Guiado por <strong>vecinos y baqueanos<\/strong>, el chofer cruz\u00f3 el paso. La docente, que deb\u00eda llegar a las 6.45, <strong>arrib\u00f3 reci\u00e9n a las 11.30<\/strong>, y otros casos sufrieron <strong>mayores retrasos<\/strong>.<\/p>\n\n\n\n<h3 class=\"wp-block-heading\"><strong>Reclamo desde la ruralidad<\/strong><\/h3>\n\n\n\n<p>Bideberregain remarc\u00f3 que <strong>no fue un hecho aislado<\/strong>, sino parte de las <strong>dificultades cotidianas<\/strong> en zonas rurales. <strong>\u201cFue toda una odisea. Los pueblos olvidados siguen esperando soluciones\u201d<\/strong>, dijo. <strong>\u201cEsto podr\u00eda haberle pasado a una ambulancia. No es un capricho pedir caminos en condiciones\u2026\u201d<\/strong>, advirti\u00f3.<\/p>\n\n\n\n<p>El episodio vuelve a evidenciar las <strong>fallas estructurales en la infraestructura vial<\/strong> del <strong>interior profundo de Paysand\u00fa<\/strong>. Se reclama a las autoridades <strong>mejor conectividad<\/strong>, <strong>seguridad vial<\/strong> y <strong>acceso garantizado a salud y educaci\u00f3n<\/strong>.<\/p>\n\n\n\n<p><em>*El Tel\u00e9grafo<\/em><\/p>\n","protected":false},"excerpt":{"rendered":"<p>Un \u00f3mnibus que se dirig\u00eda a Tacuaremb\u00f3 qued\u00f3 varado en la ma\u00f1ana de este lunes, luego de desviarse por un camino alternativo en mal estado<\/p>\n","protected":false},"author":1,"featured_media":1872,"comment_status":"open","ping_status":"open","sticky":false,"template":"","format":"standard","meta":{"advgb_blocks_editor_width":"","advgb_blocks_columns_visual_guide":"","footnotes":"","jetpack_publicize_message":"","jetpack_publicize_feature_enabled":true,"jetpack_social_post_already_shared":true,"jetpack_social_options":{"image_generator_settings":{"template":"highway","default_image_id":0,"font":"","enabled":false},"version":2}},"categories":[7],"tags":[],"class_list":["post-1871","post","type-post","status-publish","format-standard","has-post-thumbnail","hentry","category-del-pais"],"author_meta":{"display_name":"Portal","author_link":"https:\/\/portaldeyoung.uy\/index.php\/author\/admin_port\/"},"featured_img":"https:\/\/portaldeyoung.uy\/wp-content\/uploads\/2025\/07\/omnibus-de-copay-atascado-2-300x169.jpg","jetpack_publicize_connections":[],"coauthors":[],"tax_additional":{"categories":{"linked":["<a href=\"https:\/\/portaldeyoung.uy\/index.php\/category\/del-pais\/\" class=\"advgb-post-tax-term\">Del pa\u00eds<\/a>"],"unlinked":["<span class=\"advgb-post-tax-term\">Del pa\u00eds<\/span>"]}},"comment_count":"0","relative_dates":{"created":"Publicado 9 meses hace","modified":"Actualizado 9 meses hace"},"absolute_dates":{"created":"Publicado el julio 29, 2025","modified":"Actualizado el julio 29, 2025"},"absolute_dates_time":{"created":"Publicado el julio 29, 2025 9:43 am","modified":"Actualizado el julio 29, 2025 9:44 am"},"featured_img_caption":"","series_order":"","_links":{"self":[{"href":"https:\/\/portaldeyoung.uy\/index.php\/wp-json\/wp\/v2\/posts\/1871","targetHints":{"allow":["GET"]}}],"collection":[{"href":"https:\/\/portaldeyoung.uy\/index.php\/wp-json\/wp\/v2\/posts"}],"about":[{"href":"https:\/\/portaldeyoung.uy\/index.php\/wp-json\/wp\/v2\/types\/post"}],"author":[{"embeddable":true,"href":"https:\/\/portaldeyoung.uy\/index.php\/wp-json\/wp\/v2\/users\/1"}],"replies":[{"embeddable":true,"href":"https:\/\/portaldeyoung.uy\/index.php\/wp-json\/wp\/v2\/comments?post=1871"}],"version-history":[{"count":1,"href":"https:\/\/portaldeyoung.uy\/index.php\/wp-json\/wp\/v2\/posts\/1871\/revisions"}],"predecessor-version":[{"id":1874,"href":"https:\/\/portaldeyoung.uy\/index.php\/wp-json\/wp\/v2\/posts\/1871\/revisions\/1874"}],"wp:featuredmedia":[{"embeddable":true,"href":"https:\/\/portaldeyoung.uy\/index.php\/wp-json\/wp\/v2\/media\/1872"}],"wp:attachment":[{"href":"https:\/\/portaldeyoung.uy\/index.php\/wp-json\/wp\/v2\/media?parent=1871"}],"wp:term":[{"taxonomy":"category","embeddable":true,"href":"https:\/\/portaldeyoung.uy\/index.php\/wp-json\/wp\/v2\/categories?post=1871"},{"taxonomy":"post_tag","embeddable":true,"href":"https:\/\/portaldeyoung.uy\/index.php\/wp-json\/wp\/v2\/tags?post=1871"}],"curies":[{"name":"wp","href":"https:\/\/api.w.org\/{rel}","templated":true}]}}