{"id":1868,"date":"2025-07-29T09:38:56","date_gmt":"2025-07-29T09:38:56","guid":{"rendered":"https:\/\/portaldeyoung.uy\/?p=1868"},"modified":"2025-07-29T09:38:59","modified_gmt":"2025-07-29T09:38:59","slug":"intendentes-se-reunen-con-la-opp-este-martes-con-la-expectativa-de-que-el-gobierno-haga-una-nueva-propuesta-sobre-las-transferencias","status":"publish","type":"post","link":"https:\/\/portaldeyoung.uy\/index.php\/2025\/07\/29\/intendentes-se-reunen-con-la-opp-este-martes-con-la-expectativa-de-que-el-gobierno-haga-una-nueva-propuesta-sobre-las-transferencias\/","title":{"rendered":"Intendentes se re\u00fanen con la OPP este martes con la expectativa de que el gobierno haga una nueva propuesta sobre las transferencias"},"content":{"rendered":"\n<h3 class=\"wp-block-heading\">Para el intendente de Florida, Carlos Enciso, el \u00faltimo planteo de la OPP \u201ces insuficiente\u201d; si no se alcanza un acuerdo en esta instancia, la soluci\u00f3n quedar\u00e1 en manos del presidente Orsi.<\/h3>\n\n\n\n<p>El Congreso de Intendentes y la Oficina de Planeamiento y Presupuesto (OPP) tendr\u00e1n este martes una nueva reuni\u00f3n en la que el tema central ser\u00e1n las transferencias que el Poder Ejecutivo destinar\u00e1 a las intendencias en los pr\u00f3ximos cinco a\u00f1os a trav\u00e9s del Presupuesto.<\/p>\n\n\n\n<p>\u201cEl \u00e1nimo que impera es el mismo que tenemos desde el viernes\u201d, asegur\u00f3 en di\u00e1logo con <em>la diaria<\/em> uno de los intendentes del Partido Nacional (PN), en referencia a que no se ha llegado a un acuerdo, aunque mantienen la expectativa de que la negociaci\u00f3n se \u201cdesencadene\u201d entre este martes y el mi\u00e9rcoles, que es cuando habr\u00e1 una nueva reuni\u00f3n del Congreso de Intendentes en Montevideo.<\/p>\n\n\n\n<p>Los intendentes y el gobierno esperan llegar a un acuerdo este martes, que deber\u00e1 ser refrendado el mi\u00e9rcoles en la reuni\u00f3n del Congreso de Intendentes. En caso de que no sea as\u00ed, ambas partes saben que existe una jugada m\u00e1s y es la del propio Orsi. Fuentes de Presidencia se\u00f1alaron a <em>la diaria<\/em> que es posible que, si el acuerdo no prospera, el presidente reciba a los intendentes en Anchorena en lo que definieron como un \u201cretiro\u201d para \u201ctrabajar largo y tendido\u201d.<\/p>\n\n\n\n<p>La negociaci\u00f3n entre las partes comenz\u00f3 el mismo d\u00eda en que el nuevo Congreso de Intendentes comenz\u00f3 a trabajar. Ese d\u00eda se reuni\u00f3 la Comisi\u00f3n Sectorial de Descentralizaci\u00f3n, que re\u00fane a seis ministerios (Econom\u00eda, Transporte, Vivienda, Industria, Ganader\u00eda y Turismo), la OPP y los intendentes. En dicha sesi\u00f3n, adem\u00e1s de aprobarse una serie de proyectos del Fondo de Desarrollo del Interior, la OPP inform\u00f3 brevemente sobre la hoja de ruta del gobierno para la definici\u00f3n del porcentaje del presupuesto quinquenal que ser\u00e1 adjudicado a los gobiernos departamentales, conforme al art\u00edculo 214 de la Constituci\u00f3n.<\/p>\n\n\n\n<p>Este art\u00edculo establece, por un lado, que el proyecto de ley del presupuesto deber\u00e1 incluir \u201cel porcentaje que, sobre el monto total de recursos, corresponder\u00e1 a los gobiernos departamentales\u201d. En el presupuesto correspondiente al per\u00edodo pasado este porcentaje fue de 3,33%. Por otro lado, dispone que la Comisi\u00f3n Sectorial de Descentralizaci\u00f3n \u201casesorar\u00e1 sobre el porcentaje a fijarse\u201d 30 d\u00edas antes de que el Poder Ejecutivo env\u00ede el proyecto presupuestal al Parlamento, algo que est\u00e1 previsto para el pr\u00f3ximo 31 de agosto.<\/p>\n\n\n\n<p>Ese plazo vence este jueves 31 de julio y, si no se alcanza un acuerdo, los intendentes deber\u00e1n enviar sus propios mensajes presupuestales al Parlamento para que sean considerados durante la discusi\u00f3n del Presupuesto. \u201cQueda poco tiempo para la cantidad de temas que hay\u201d, coment\u00f3 el dirigente nacionalista, y puntualiz\u00f3 que, \u201csi todo sigue con la misma t\u00f3nica\u201d, ser\u00e1 \u201cdif\u00edcil\u201d que haya un acuerdo. \u201cTiene que haber algo m\u00e1s ma\u00f1ana arriba de la mesa\u201d, valor\u00f3, y dijo que no buscan \u201cm\u00e1s presupuesto\u201d, sino reorganizar lo que ya existe.<\/p>\n\n\n\n<p>La postura del gobierno anunciada en las reuniones, seg\u00fan los intendentes, es \u201crestrictiva\u201d en cuanto al gasto, pero los jerarcas entienden que buena parte de sus pedidos \u201cno tienen que ver con el gasto, sino con la reestructuraci\u00f3n de lo que est\u00e1\u201d.<\/p>\n\n\n\n<p>En ese sentido, los intendentes buscan que se reorganicen el Fondo de Asimetr\u00eda, el Fondo Metropolitano, el Fondo de Desarrollo al Interior y el Fondo de Incentivo a la Gesti\u00f3n Municipal. En este \u00faltimo, por ejemplo, los jefes departamentales del Partido Nacional piden que haya un cambio en los criterios, en tanto se asegura que las intendencias del interior \u201cest\u00e1n financiando a las alcald\u00edas de Montevideo con fondos del interior\u201d, seg\u00fan dijo el intendente de Florida, Carlos Enciso, a <em>Florida Noticias<\/em>.<\/p>\n\n\n\n<p>Por otra parte, tambi\u00e9n pretenden que el Fondo de Desarrollo al Interior invierta sus contribuciones. Al d\u00eda de hoy, el 40% de lo recaudado va hacia las intendencias y 60% hacia los ministerios, y los jefes departamentales intentar\u00e1n revertir ese porcentaje.<\/p>\n\n\n\n<p>Para Enciso, lo propuesto por la OPP hasta ahora \u201cno llena las expectativas\u201d y \u201ces insuficiente\u201d. De todos modos, expres\u00f3 su expectativa sobre lo que pueda hacer el presidente, Yamand\u00fa Orsi, en tanto exintendente. \u201cVeremos a Orsi, como presidente, qu\u00e9 postura final toma, ya que conoce el tema\u201d, apunt\u00f3.<\/p>\n\n\n\n<p><em>*La Diaria<\/em><\/p>\n","protected":false},"excerpt":{"rendered":"<p>Para el intendente de Florida, Carlos Enciso, el \u00faltimo planteo de la OPP \u201ces insuficiente\u201d; si no se alcanza un acuerdo en esta instancia, la<\/p>\n","protected":false},"author":1,"featured_media":1869,"comment_status":"open","ping_status":"open","sticky":false,"template":"","format":"standard","meta":{"advgb_blocks_editor_width":"","advgb_blocks_columns_visual_guide":"","footnotes":"","jetpack_publicize_message":"","jetpack_publicize_feature_enabled":true,"jetpack_social_post_already_shared":true,"jetpack_social_options":{"image_generator_settings":{"template":"highway","default_image_id":0,"font":"","enabled":false},"version":2}},"categories":[7],"tags":[],"class_list":["post-1868","post","type-post","status-publish","format-standard","has-post-thumbnail","hentry","category-del-pais"],"author_meta":{"display_name":"Portal","author_link":"https:\/\/portaldeyoung.uy\/index.php\/author\/admin_port\/"},"featured_img":"https:\/\/portaldeyoung.uy\/wp-content\/uploads\/2025\/07\/presidencia-uruguay-300x200.jpg","jetpack_publicize_connections":[],"coauthors":[],"tax_additional":{"categories":{"linked":["<a href=\"https:\/\/portaldeyoung.uy\/index.php\/category\/del-pais\/\" class=\"advgb-post-tax-term\">Del pa\u00eds<\/a>"],"unlinked":["<span class=\"advgb-post-tax-term\">Del pa\u00eds<\/span>"]}},"comment_count":"0","relative_dates":{"created":"Publicado 9 meses hace","modified":"Actualizado 9 meses hace"},"absolute_dates":{"created":"Publicado el julio 29, 2025","modified":"Actualizado el julio 29, 2025"},"absolute_dates_time":{"created":"Publicado el julio 29, 2025 9:38 am","modified":"Actualizado el julio 29, 2025 9:38 am"},"featured_img_caption":"","series_order":"","_links":{"self":[{"href":"https:\/\/portaldeyoung.uy\/index.php\/wp-json\/wp\/v2\/posts\/1868","targetHints":{"allow":["GET"]}}],"collection":[{"href":"https:\/\/portaldeyoung.uy\/index.php\/wp-json\/wp\/v2\/posts"}],"about":[{"href":"https:\/\/portaldeyoung.uy\/index.php\/wp-json\/wp\/v2\/types\/post"}],"author":[{"embeddable":true,"href":"https:\/\/portaldeyoung.uy\/index.php\/wp-json\/wp\/v2\/users\/1"}],"replies":[{"embeddable":true,"href":"https:\/\/portaldeyoung.uy\/index.php\/wp-json\/wp\/v2\/comments?post=1868"}],"version-history":[{"count":1,"href":"https:\/\/portaldeyoung.uy\/index.php\/wp-json\/wp\/v2\/posts\/1868\/revisions"}],"predecessor-version":[{"id":1870,"href":"https:\/\/portaldeyoung.uy\/index.php\/wp-json\/wp\/v2\/posts\/1868\/revisions\/1870"}],"wp:featuredmedia":[{"embeddable":true,"href":"https:\/\/portaldeyoung.uy\/index.php\/wp-json\/wp\/v2\/media\/1869"}],"wp:attachment":[{"href":"https:\/\/portaldeyoung.uy\/index.php\/wp-json\/wp\/v2\/media?parent=1868"}],"wp:term":[{"taxonomy":"category","embeddable":true,"href":"https:\/\/portaldeyoung.uy\/index.php\/wp-json\/wp\/v2\/categories?post=1868"},{"taxonomy":"post_tag","embeddable":true,"href":"https:\/\/portaldeyoung.uy\/index.php\/wp-json\/wp\/v2\/tags?post=1868"}],"curies":[{"name":"wp","href":"https:\/\/api.w.org\/{rel}","templated":true}]}}