{"id":1849,"date":"2025-07-27T22:52:07","date_gmt":"2025-07-27T22:52:07","guid":{"rendered":"https:\/\/portaldeyoung.uy\/?p=1849"},"modified":"2025-07-29T10:13:32","modified_gmt":"2025-07-29T10:13:32","slug":"el-intendente-levratto-visito-young-y-abordo-la-problematica-del-desempleo-en-rueda-de-prensa","status":"publish","type":"post","link":"https:\/\/portaldeyoung.uy\/index.php\/2025\/07\/27\/el-intendente-levratto-visito-young-y-abordo-la-problematica-del-desempleo-en-rueda-de-prensa\/","title":{"rendered":"El Intendente Levratto visit\u00f3 Young y abord\u00f3 la problem\u00e1tica del desempleo en rueda de prensa"},"content":{"rendered":"\n<p>El pasado viernes, el Intendente departamental de R\u00edo Negro, Arq. Guillermo Levratto, visit\u00f3 la ciudad de Young y dialog\u00f3 con la prensa local sobre uno de los temas que m\u00e1s preocupa : el desempleo.<\/p>\n\n\n\n<p>Durante su visita, Levratto manifest\u00f3 estar en contacto permanente con los distintos ministerios del pa\u00eds, consciente de la situaci\u00f3n cr\u00edtica que atraviesa el departamento en materia de oportunidades laborales. \u201cSabemos del malestar de los vecinos, de aquellos que buscan empleo y no lo consiguen. Estamos gestionando la inclusi\u00f3n de determinados planes a nivel nacional para que sean contemplados en el pr\u00f3ximo presupuesto\u201d, expres\u00f3.<\/p>\n\n\n\n<p>Asimismo, el jefe comunal destac\u00f3 que se est\u00e1n elaborando propuestas locales, como el <em>Plan de Arbolado Guido<\/em>, dirigido especialmente a mujeres jefas de hogar y las que han sido v\u00edctimas de violencia de g\u00e9nero. Este programa busca generar empleo y, al mismo tiempo, promover el cuidado del medio ambiente.<\/p>\n\n\n\n<p>Levratto tambi\u00e9n adelant\u00f3 que se est\u00e1n planificando capacitaciones que permitan a las personas insertarse en las cadenas de valor, con el objetivo de diversificar las oportunidades de empleo. \u201cEs necesario dar un salto cultural: la \u00fanica salida laboral no puede ser solo el Municipio o la Intendencia. La \u00fanica forma de cambio real es que se generen empleos desde el sector privado o mediante acuerdos entre los sectores p\u00fablicos y privados\u201d, concluy\u00f3.<\/p>\n","protected":false},"excerpt":{"rendered":"<p>El pasado viernes, el Intendente departamental de R\u00edo Negro, Arq. Guillermo Levratto, visit\u00f3 la ciudad de Young y dialog\u00f3 con la prensa local sobre uno<\/p>\n","protected":false},"author":1,"featured_media":1850,"comment_status":"open","ping_status":"open","sticky":false,"template":"","format":"standard","meta":{"advgb_blocks_editor_width":"","advgb_blocks_columns_visual_guide":"","footnotes":"","jetpack_publicize_message":"","jetpack_publicize_feature_enabled":true,"jetpack_social_post_already_shared":true,"jetpack_social_options":{"image_generator_settings":{"template":"highway","default_image_id":0,"font":"","enabled":false},"version":2}},"categories":[4],"tags":[],"class_list":["post-1849","post","type-post","status-publish","format-standard","has-post-thumbnail","hentry","category-de-aca"],"author_meta":{"display_name":"Portal","author_link":"https:\/\/portaldeyoung.uy\/index.php\/author\/admin_port\/"},"featured_img":"https:\/\/portaldeyoung.uy\/wp-content\/uploads\/2025\/07\/Levratto-300x184.jpg","jetpack_publicize_connections":[],"coauthors":[],"tax_additional":{"categories":{"linked":["<a href=\"https:\/\/portaldeyoung.uy\/index.php\/category\/de-aca\/\" class=\"advgb-post-tax-term\">De ac\u00e1<\/a>"],"unlinked":["<span class=\"advgb-post-tax-term\">De ac\u00e1<\/span>"]}},"comment_count":"0","relative_dates":{"created":"Publicado 9 meses hace","modified":"Actualizado 9 meses hace"},"absolute_dates":{"created":"Publicado el julio 27, 2025","modified":"Actualizado el julio 29, 2025"},"absolute_dates_time":{"created":"Publicado el julio 27, 2025 10:52 pm","modified":"Actualizado el julio 29, 2025 10:13 am"},"featured_img_caption":"","series_order":"","_links":{"self":[{"href":"https:\/\/portaldeyoung.uy\/index.php\/wp-json\/wp\/v2\/posts\/1849","targetHints":{"allow":["GET"]}}],"collection":[{"href":"https:\/\/portaldeyoung.uy\/index.php\/wp-json\/wp\/v2\/posts"}],"about":[{"href":"https:\/\/portaldeyoung.uy\/index.php\/wp-json\/wp\/v2\/types\/post"}],"author":[{"embeddable":true,"href":"https:\/\/portaldeyoung.uy\/index.php\/wp-json\/wp\/v2\/users\/1"}],"replies":[{"embeddable":true,"href":"https:\/\/portaldeyoung.uy\/index.php\/wp-json\/wp\/v2\/comments?post=1849"}],"version-history":[{"count":4,"href":"https:\/\/portaldeyoung.uy\/index.php\/wp-json\/wp\/v2\/posts\/1849\/revisions"}],"predecessor-version":[{"id":1854,"href":"https:\/\/portaldeyoung.uy\/index.php\/wp-json\/wp\/v2\/posts\/1849\/revisions\/1854"}],"wp:featuredmedia":[{"embeddable":true,"href":"https:\/\/portaldeyoung.uy\/index.php\/wp-json\/wp\/v2\/media\/1850"}],"wp:attachment":[{"href":"https:\/\/portaldeyoung.uy\/index.php\/wp-json\/wp\/v2\/media?parent=1849"}],"wp:term":[{"taxonomy":"category","embeddable":true,"href":"https:\/\/portaldeyoung.uy\/index.php\/wp-json\/wp\/v2\/categories?post=1849"},{"taxonomy":"post_tag","embeddable":true,"href":"https:\/\/portaldeyoung.uy\/index.php\/wp-json\/wp\/v2\/tags?post=1849"}],"curies":[{"name":"wp","href":"https:\/\/api.w.org\/{rel}","templated":true}]}}