{"id":1845,"date":"2025-07-27T22:30:00","date_gmt":"2025-07-27T22:30:00","guid":{"rendered":"https:\/\/portaldeyoung.uy\/?p=1845"},"modified":"2025-07-27T22:30:19","modified_gmt":"2025-07-27T22:30:19","slug":"semifinal-de-copa-america-femenina-podra-verse-por-television-abierta","status":"publish","type":"post","link":"https:\/\/portaldeyoung.uy\/index.php\/2025\/07\/27\/semifinal-de-copa-america-femenina-podra-verse-por-television-abierta\/","title":{"rendered":"Semifinal de Copa Am\u00e9rica Femenina podr\u00e1 verse por televisi\u00f3n abierta"},"content":{"rendered":"\n<p>El partido Uruguay-Brasil se disputar\u00e1 el martes 29 de julio a las 21 horas.<\/p>\n\n\n\n<p>La resoluci\u00f3n firmada por la ministra de Industria, Energ\u00eda y Miner\u00eda, Fernanda Cardona, encomienda a la Unidad Reguladora de Servicios de Comunicaci\u00f3n Social (URSEC) a \u201ctomar las medidas necesarias para dar cumplimiento al art\u00edculo 51 de la ley 20.383\u201d.<\/p>\n\n\n\n<p>La normativa, referida a eventos de inter\u00e9s general en los servicios de comunicaci\u00f3n audiovisual, establece que \u201cen caso de emitirse por televisi\u00f3n los eventos que involucren actividades oficiales de las selecciones nacionales de f\u00fatbol y b\u00e1squetbol en instancias definitorias de torneos internacionales y en instancias clasificatorias para los mismos, deber\u00e1n ser emitidos a trav\u00e9s de un servicio de radiodifusi\u00f3n en abierto y en directo y en simult\u00e1neo\u201d.<\/p>\n\n\n\n<p>La Selecci\u00f3n Mayor Femenina de f\u00fatbol clasific\u00f3 a las semifinales de la Copa Am\u00e9rica, que se disputa en Quito, Ecuador, tras superar en la \u00faltima fecha 3-0 a Chile.<\/p>\n\n\n\n<p>El partido Uruguay-Brasil podr\u00e1 verse por televisi\u00f3n abierta, el martes 29 de julio a las 21 hs.<\/p>\n\n\n\n<p>Link donde se puede ver a trav\u00e9s de Canal 5 TV Nacional :<\/p>\n\n\n\n<p><a href=\"https:\/\/anteltv.com.uy\/play\/2s6nd\">https:\/\/anteltv.com.uy\/play\/2s6nd<\/a><\/p>\n","protected":false},"excerpt":{"rendered":"<p>El partido Uruguay-Brasil se disputar\u00e1 el martes 29 de julio a las 21 horas. La resoluci\u00f3n firmada por la ministra de Industria, Energ\u00eda y Miner\u00eda,<\/p>\n","protected":false},"author":1,"featured_media":1846,"comment_status":"open","ping_status":"open","sticky":false,"template":"","format":"standard","meta":{"advgb_blocks_editor_width":"","advgb_blocks_columns_visual_guide":"","footnotes":"","jetpack_publicize_message":"","jetpack_publicize_feature_enabled":true,"jetpack_social_post_already_shared":true,"jetpack_social_options":{"image_generator_settings":{"template":"highway","default_image_id":0,"font":"","enabled":false},"version":2}},"categories":[5],"tags":[],"class_list":["post-1845","post","type-post","status-publish","format-standard","has-post-thumbnail","hentry","category-de-la-tribuna"],"author_meta":{"display_name":"Portal","author_link":"https:\/\/portaldeyoung.uy\/index.php\/author\/admin_port\/"},"featured_img":"https:\/\/portaldeyoung.uy\/wp-content\/uploads\/2025\/07\/uruguay-chile-300x200.jpg","jetpack_publicize_connections":[],"coauthors":[],"tax_additional":{"categories":{"linked":["<a href=\"https:\/\/portaldeyoung.uy\/index.php\/category\/de-la-tribuna\/\" class=\"advgb-post-tax-term\">De la tribuna<\/a>"],"unlinked":["<span class=\"advgb-post-tax-term\">De la tribuna<\/span>"]}},"comment_count":"0","relative_dates":{"created":"Publicado 9 meses hace","modified":"Actualizado 9 meses hace"},"absolute_dates":{"created":"Publicado el julio 27, 2025","modified":"Actualizado el julio 27, 2025"},"absolute_dates_time":{"created":"Publicado el julio 27, 2025 10:30 pm","modified":"Actualizado el julio 27, 2025 10:30 pm"},"featured_img_caption":"AMDEP9213. QUITO (ECUADOR), 24\/07\/2025.- Jugadoras de Uruguay celebran este jueves, al final de un partido de la fase de grupos de la Copa Am\u00e9rica Femenina entre Chile y Uruguay en el estadio Gonzalo Pozo Ripalda en Quito (Ecuador). EFE\/ Vicente Costales","series_order":"","_links":{"self":[{"href":"https:\/\/portaldeyoung.uy\/index.php\/wp-json\/wp\/v2\/posts\/1845","targetHints":{"allow":["GET"]}}],"collection":[{"href":"https:\/\/portaldeyoung.uy\/index.php\/wp-json\/wp\/v2\/posts"}],"about":[{"href":"https:\/\/portaldeyoung.uy\/index.php\/wp-json\/wp\/v2\/types\/post"}],"author":[{"embeddable":true,"href":"https:\/\/portaldeyoung.uy\/index.php\/wp-json\/wp\/v2\/users\/1"}],"replies":[{"embeddable":true,"href":"https:\/\/portaldeyoung.uy\/index.php\/wp-json\/wp\/v2\/comments?post=1845"}],"version-history":[{"count":1,"href":"https:\/\/portaldeyoung.uy\/index.php\/wp-json\/wp\/v2\/posts\/1845\/revisions"}],"predecessor-version":[{"id":1847,"href":"https:\/\/portaldeyoung.uy\/index.php\/wp-json\/wp\/v2\/posts\/1845\/revisions\/1847"}],"wp:featuredmedia":[{"embeddable":true,"href":"https:\/\/portaldeyoung.uy\/index.php\/wp-json\/wp\/v2\/media\/1846"}],"wp:attachment":[{"href":"https:\/\/portaldeyoung.uy\/index.php\/wp-json\/wp\/v2\/media?parent=1845"}],"wp:term":[{"taxonomy":"category","embeddable":true,"href":"https:\/\/portaldeyoung.uy\/index.php\/wp-json\/wp\/v2\/categories?post=1845"},{"taxonomy":"post_tag","embeddable":true,"href":"https:\/\/portaldeyoung.uy\/index.php\/wp-json\/wp\/v2\/tags?post=1845"}],"curies":[{"name":"wp","href":"https:\/\/api.w.org\/{rel}","templated":true}]}}