{"id":1841,"date":"2025-07-27T22:25:18","date_gmt":"2025-07-27T22:25:18","guid":{"rendered":"https:\/\/portaldeyoung.uy\/?p=1841"},"modified":"2025-07-27T22:25:21","modified_gmt":"2025-07-27T22:25:21","slug":"amistoso-nacional-derroto-2-1-a-plaza-colonia-en-el-parque-liebigs-de-fray-bentos","status":"publish","type":"post","link":"https:\/\/portaldeyoung.uy\/index.php\/2025\/07\/27\/amistoso-nacional-derroto-2-1-a-plaza-colonia-en-el-parque-liebigs-de-fray-bentos\/","title":{"rendered":"Amistoso: Nacional derrot\u00f3 2-1 a Plaza Colonia en el Parque Liebig\u2019s de Fray Bentos"},"content":{"rendered":"\n<p>Bruno Arady y Christian Ebere anotaron los goles de los tricolores, mientras que Haibrany Ruiz D\u00edaz hab\u00eda empatado parcialmente.<\/p>\n\n\n\n<p>Este s\u00e1bado, <strong>Fray Bentos vibr\u00f3 con el partido entre Nacional y Plaza Colonia<\/strong>, en un Parque Liebig\u2019s colmado de familias, gurises y emociones.<\/p>\n\n\n\n<p>Las selecciones sub-14 y sub-15 abrieron la jornada deportiva.<\/p>\n\n\n\n<p>\u201cFue una experiencia inolvidable, que reafirma al deporte como herramienta de encuentro, derechos y transformaci\u00f3n\u201d, destac\u00f3 el director de Deporte de la Intendencia, Mat\u00edas Belbey.<\/p>\n\n\n\n<figure class=\"wp-block-image size-large\"><img loading=\"lazy\" decoding=\"async\" width=\"1024\" height=\"576\" src=\"https:\/\/portaldeyoung.uy\/wp-content\/uploads\/2025\/07\/Nacional-en-fray-bentos-1024x576.jpg\" alt=\"\" class=\"wp-image-1843\" srcset=\"https:\/\/portaldeyoung.uy\/wp-content\/uploads\/2025\/07\/Nacional-en-fray-bentos-1024x576.jpg 1024w, https:\/\/portaldeyoung.uy\/wp-content\/uploads\/2025\/07\/Nacional-en-fray-bentos-300x169.jpg 300w, https:\/\/portaldeyoung.uy\/wp-content\/uploads\/2025\/07\/Nacional-en-fray-bentos-768x432.jpg 768w, https:\/\/portaldeyoung.uy\/wp-content\/uploads\/2025\/07\/Nacional-en-fray-bentos-1536x864.jpg 1536w, https:\/\/portaldeyoung.uy\/wp-content\/uploads\/2025\/07\/Nacional-en-fray-bentos-2048x1152.jpg 2048w\" sizes=\"auto, (max-width: 1024px) 100vw, 1024px\" \/><\/figure>\n","protected":false},"excerpt":{"rendered":"<p>Bruno Arady y Christian Ebere anotaron los goles de los tricolores, mientras que Haibrany Ruiz D\u00edaz hab\u00eda empatado parcialmente. Este s\u00e1bado, Fray Bentos vibr\u00f3 con<\/p>\n","protected":false},"author":1,"featured_media":1842,"comment_status":"open","ping_status":"open","sticky":false,"template":"","format":"standard","meta":{"advgb_blocks_editor_width":"","advgb_blocks_columns_visual_guide":"","footnotes":"","jetpack_publicize_message":"","jetpack_publicize_feature_enabled":true,"jetpack_social_post_already_shared":true,"jetpack_social_options":{"image_generator_settings":{"template":"highway","default_image_id":0,"font":"","enabled":false},"version":2}},"categories":[5],"tags":[],"class_list":["post-1841","post","type-post","status-publish","format-standard","has-post-thumbnail","hentry","category-de-la-tribuna"],"author_meta":{"display_name":"Portal","author_link":"https:\/\/portaldeyoung.uy\/index.php\/author\/admin_port\/"},"featured_img":"https:\/\/portaldeyoung.uy\/wp-content\/uploads\/2025\/07\/Nacional-en-fray-bentos-00-300x169.jpg","jetpack_publicize_connections":[],"coauthors":[],"tax_additional":{"categories":{"linked":["<a href=\"https:\/\/portaldeyoung.uy\/index.php\/category\/de-la-tribuna\/\" class=\"advgb-post-tax-term\">De la tribuna<\/a>"],"unlinked":["<span class=\"advgb-post-tax-term\">De la tribuna<\/span>"]}},"comment_count":"0","relative_dates":{"created":"Publicado 9 meses hace","modified":"Actualizado 9 meses hace"},"absolute_dates":{"created":"Publicado el julio 27, 2025","modified":"Actualizado el julio 27, 2025"},"absolute_dates_time":{"created":"Publicado el julio 27, 2025 10:25 pm","modified":"Actualizado el julio 27, 2025 10:25 pm"},"featured_img_caption":"","series_order":"","_links":{"self":[{"href":"https:\/\/portaldeyoung.uy\/index.php\/wp-json\/wp\/v2\/posts\/1841","targetHints":{"allow":["GET"]}}],"collection":[{"href":"https:\/\/portaldeyoung.uy\/index.php\/wp-json\/wp\/v2\/posts"}],"about":[{"href":"https:\/\/portaldeyoung.uy\/index.php\/wp-json\/wp\/v2\/types\/post"}],"author":[{"embeddable":true,"href":"https:\/\/portaldeyoung.uy\/index.php\/wp-json\/wp\/v2\/users\/1"}],"replies":[{"embeddable":true,"href":"https:\/\/portaldeyoung.uy\/index.php\/wp-json\/wp\/v2\/comments?post=1841"}],"version-history":[{"count":1,"href":"https:\/\/portaldeyoung.uy\/index.php\/wp-json\/wp\/v2\/posts\/1841\/revisions"}],"predecessor-version":[{"id":1844,"href":"https:\/\/portaldeyoung.uy\/index.php\/wp-json\/wp\/v2\/posts\/1841\/revisions\/1844"}],"wp:featuredmedia":[{"embeddable":true,"href":"https:\/\/portaldeyoung.uy\/index.php\/wp-json\/wp\/v2\/media\/1842"}],"wp:attachment":[{"href":"https:\/\/portaldeyoung.uy\/index.php\/wp-json\/wp\/v2\/media?parent=1841"}],"wp:term":[{"taxonomy":"category","embeddable":true,"href":"https:\/\/portaldeyoung.uy\/index.php\/wp-json\/wp\/v2\/categories?post=1841"},{"taxonomy":"post_tag","embeddable":true,"href":"https:\/\/portaldeyoung.uy\/index.php\/wp-json\/wp\/v2\/tags?post=1841"}],"curies":[{"name":"wp","href":"https:\/\/api.w.org\/{rel}","templated":true}]}}