{"id":1831,"date":"2025-07-27T21:53:10","date_gmt":"2025-07-27T21:53:10","guid":{"rendered":"https:\/\/portaldeyoung.uy\/?p=1831"},"modified":"2025-07-27T21:59:48","modified_gmt":"2025-07-27T21:59:48","slug":"disturbios-en-la-carcel-canitas-hubo-quema-de-colchones-agresiones-a-policias-y-12-reclusos-fueron-trasladados","status":"publish","type":"post","link":"https:\/\/portaldeyoung.uy\/index.php\/2025\/07\/27\/disturbios-en-la-carcel-canitas-hubo-quema-de-colchones-agresiones-a-policias-y-12-reclusos-fueron-trasladados\/","title":{"rendered":"Disturbios en la c\u00e1rcel Ca\u00f1itas: hubo quema de colchones, agresiones a polic\u00edas y 12 reclusos fueron trasladados"},"content":{"rendered":"\n<p>Los incidentes ocurrieron en la madrugada del domingo. Quemaron colchones, da\u00f1aron una reja y agredieron a polic\u00edas. Uno de los reclusos sufri\u00f3 intoxicaci\u00f3n por humo.<\/p>\n\n\n\n<p>El Ministerio del Interior inform\u00f3 que hubo disturbios en la madrugada de este domingo en la c\u00e1rcel de Ca\u00f1itas, en Fray Bentos, departamento de R\u00edo Negro. Doce reclusos fueron identificados como sospechosos de haber iniciado o participado en los incidentes y fueron trasladados a la c\u00e1rcel de Mercedes.<\/p>\n\n\n\n<p>Dos polic\u00edas resultaron asistidos: uno por golpes y otro por inhalaci\u00f3n de humo.<\/p>\n\n\n\n<p>Durante los disturbios, que ocurrieron en los pabellones 2A y 2B del m\u00f3dulo 2, se produjo la quema de cuatro colchones y da\u00f1os a una reja. All\u00ed se encuentran alojados 64 reclusos. Uno de ellos sufri\u00f3 intoxicaci\u00f3n por humo, pero fue asistido y ya recibi\u00f3 el alta m\u00e9dica.<\/p>\n\n\n\n<p>Los 12 implicados fueron desarmados de cortes carcelarios, reducidos y colocados contra el piso, con grilletes. De inmediato se activ\u00f3 un operativo de evacuaci\u00f3n con apoyo de la Jefatura de Polic\u00eda de R\u00edo Negro, indic\u00f3 el Ministerio en un comunicado. Bomberos tambi\u00e9n realiz\u00f3 pericias en el lugar.<\/p>\n\n\n\n<p>La c\u00e1rcel de Fray Bentos es de m\u00ednima seguridad y aloja a personas privadas de libertad por delitos menores o de \u00edndole sexual.<\/p>\n\n\n\n<h2 class=\"wp-block-heading\">Comunicado INR<\/h2>\n\n\n\n<p>Comunicado INR<\/p>\n\n\n\n<p>Ministerio del Interior<\/p>\n\n\n\n<p>Instituto Nacional de Rehabilitaci\u00f3n<\/p>\n\n\n\n<p><em>COMUNICADO DE PRENSA<\/em><\/p>\n\n\n\n<p>El Instituto Nacional de Rehabilitaci\u00f3n (INR) informa que, en la pasada madrugada de este domingo 27 de julio de 2025 se registraron disturbios en la Unidad N.\u00ba 11, C\u00e1rcel Central, departamento de R\u00edo Negro.<\/p>\n\n\n\n<p>Los incidentes protagonizados por personas privadas de libertad comenzaron en el Pabell\u00f3n 2A y 2B donde provocaron da\u00f1os a una reja y quemaron colchones.<\/p>\n\n\n\n<p>De inmediato, y contando con el apoyo de la Jefatura de Polic\u00eda de R\u00edo Negro, se procedi\u00f3 a realizar las evacuaciones correspondientes.<\/p>\n\n\n\n<p>A ra\u00edz de la inhalaci\u00f3n de humo una persona fue trasladada para su valoraci\u00f3n y fue dada de alta. Las 12 PPL identificadas por iniciar los hechos fueron trasladadas a otra unidad penitenciaria.<\/p>\n\n\n\n<p>Personal de la Direcci\u00f3n Nacional de Bomberos se encuentra realizando los peritajes del caso.<\/p>\n\n\n\n<p><a href=\"https:\/\/i0.wp.com\/rionegroahora.com\/wp-content\/uploads\/2025\/07\/eca36a58-f1ac-4dea-9031-d46a9701f879-scaled.jpeg?fit=640,640&amp;ssl=1\"><\/a><\/p>\n\n\n\n<p><a href=\"https:\/\/i0.wp.com\/rionegroahora.com\/wp-content\/uploads\/2025\/07\/IMG_6432-scaled.jpeg?fit=640,316&amp;ssl=1\"><\/a><\/p>\n\n\n\n<p><a href=\"https:\/\/i0.wp.com\/rionegroahora.com\/wp-content\/uploads\/2025\/06\/DBC0EE40-7160-42C2-9466-F9571E9E391A.gif?fit=450,450&amp;ssl=1\"><\/a><\/p>\n\n\n\n<p><a href=\"https:\/\/i0.wp.com\/rionegroahora.com\/wp-content\/uploads\/2025\/06\/ALZAIBAR-scaled.jpg?fit=490,640&amp;ssl=1\"><\/a><\/p>\n\n\n\n<p><a href=\"https:\/\/i0.wp.com\/rionegroahora.com\/wp-content\/uploads\/2023\/11\/bengala_max-v2-scaled.jpg?fit=636,640&amp;ssl=1\"><\/a><\/p>\n\n\n\n<p><a href=\"https:\/\/i0.wp.com\/rionegroahora.com\/wp-content\/uploads\/2025\/04\/comprando-en-alzaibar-scaled.jpg?fit=448,640&amp;ssl=1\"><\/a><\/p>\n\n\n\n<p><a href=\"https:\/\/i0.wp.com\/rionegroahora.com\/wp-content\/uploads\/2025\/06\/ANCAP-BORDOLI-scaled.jpg?fit=353,640&amp;ssl=1\"><\/a><\/p>\n\n\n\n<p><a href=\"https:\/\/i0.wp.com\/rionegroahora.com\/wp-content\/uploads\/2025\/06\/arma-tu-equipo-padel-scaled.jpg?fit=512,640&amp;ssl=1\"><\/a><\/p>\n\n\n\n<p><a href=\"https:\/\/i0.wp.com\/rionegroahora.com\/wp-content\/uploads\/2025\/01\/agustin-nos-necesita-scaled.jpg?fit=640,640&amp;ssl=1\"><\/a><\/p>\n\n\n\n<p><a href=\"https:\/\/i0.wp.com\/rionegroahora.com\/wp-content\/uploads\/2023\/11\/linea-scaled.jpg?fit=640,395&amp;ssl=1\"><\/a><\/p>\n\n\n\n<p><a href=\"https:\/\/i0.wp.com\/rionegroahora.com\/wp-content\/uploads\/2024\/02\/inmob-sar-cama-scaled.jpg?fit=640,640&amp;ssl=1\"><\/a><\/p>\n\n\n\n<p><a href=\"https:\/\/i0.wp.com\/rionegroahora.com\/wp-content\/uploads\/2024\/04\/la-martineta-abril24-scaled.jpg?fit=640,640&amp;ssl=1\"><\/a><\/p>\n\n\n\n<p><a href=\"https:\/\/i0.wp.com\/rionegroahora.com\/wp-content\/uploads\/2024\/01\/Domos-ENE24-scaled.jpg?fit=640,640&amp;ssl=1\"><\/a><\/p>\n\n\n\n<p><a href=\"https:\/\/i0.wp.com\/rionegroahora.com\/wp-content\/uploads\/2023\/07\/Publicidad-ancap-julio23-scaled.jpeg?fit=640,640&amp;ssl=1\"><\/a><\/p>\n\n\n\n<p><a href=\"https:\/\/i0.wp.com\/rionegroahora.com\/wp-content\/uploads\/2023\/08\/hacia-el-oste_agosto-scaled.jpg?fit=640,640&amp;ssl=1\"><\/a><\/p>\n\n\n\n<p><a href=\"https:\/\/i0.wp.com\/rionegroahora.com\/wp-content\/uploads\/2023\/07\/Publicidad-catonelnov2020-julio23.gif?fit=480,272&amp;ssl=1\"><\/a><\/p>\n\n\n\n<p><a href=\"https:\/\/i0.wp.com\/rionegroahora.com\/wp-content\/uploads\/2025\/01\/PUBLICITE-AQUI-scaled.jpg?fit=640,640&amp;ssl=1\"><\/a><\/p>\n\n\n\n<h2 class=\"wp-block-heading\"><br><\/h2>\n\n\n\n<figure class=\"wp-block-image\"><a class=\"w-image-h\" href=\"https:\/\/tomatuweb.com\" target=\"_blank\" rel=\"noreferrer noopener\"><img decoding=\"async\" src=\"https:\/\/i0.wp.com\/rionegroahora.com\/wp-content\/uploads\/2025\/07\/Cristian-Guimaraens-Sitios-web-1.png?fit=431%2C190&amp;ssl=1\" alt=\"\"\/><\/a><\/figure>\n\n\n\n<p><a href=\"https:\/\/rionegroahora.com\/2025\/07\/27\/inr-emitio-comunicado-por-intento-de-motin-en-canitas\/#\"><\/a><\/p>\n\n\n\n<p><a target=\"_blank\" href=\"https:\/\/api.whatsapp.com\/send?phone=59899396386\" rel=\"noreferrer noopener\"><\/a><a target=\"_blank\" href=\"https:\/\/api.whatsapp.com\/send?phone=59899396386\" rel=\"noreferrer noopener\"> <\/a><a target=\"_blank\" href=\"https:\/\/api.whatsapp.com\/send?phone=59899396386\" rel=\"noreferrer noopener\"><\/a><a target=\"_blank\" href=\"https:\/\/api.whatsapp.com\/send?phone=59899396386\" rel=\"noreferrer noopener\"><\/a><\/p>\n\n\n\n<p><a target=\"_blank\" href=\"https:\/\/api.whatsapp.com\/send?phone=59899396386\" rel=\"noreferrer noopener\"><\/a><a target=\"_blank\" href=\"https:\/\/api.whatsapp.com\/send?phone=59899396386\" rel=\"noreferrer noopener\"><\/a><\/p>\n\n\n\n<p>T<\/p>\n","protected":false},"excerpt":{"rendered":"<p>Los incidentes ocurrieron en la madrugada del domingo. Quemaron colchones, da\u00f1aron una reja y agredieron a polic\u00edas. Uno de los reclusos sufri\u00f3 intoxicaci\u00f3n por humo.<\/p>\n","protected":false},"author":1,"featured_media":1832,"comment_status":"open","ping_status":"open","sticky":false,"template":"","format":"standard","meta":{"advgb_blocks_editor_width":"","advgb_blocks_columns_visual_guide":"","footnotes":"","jetpack_publicize_message":"","jetpack_publicize_feature_enabled":true,"jetpack_social_post_already_shared":true,"jetpack_social_options":{"image_generator_settings":{"template":"highway","default_image_id":0,"font":"","enabled":false},"version":2}},"categories":[6],"tags":[],"class_list":["post-1831","post","type-post","status-publish","format-standard","has-post-thumbnail","hentry","category-del-departamento"],"author_meta":{"display_name":"Portal","author_link":"https:\/\/portaldeyoung.uy\/index.php\/author\/admin_port\/"},"featured_img":"https:\/\/portaldeyoung.uy\/wp-content\/uploads\/2025\/07\/canitas-carcel.jpeg","jetpack_publicize_connections":[],"coauthors":[],"tax_additional":{"categories":{"linked":["<a href=\"https:\/\/portaldeyoung.uy\/index.php\/category\/del-departamento\/\" class=\"advgb-post-tax-term\">Del departamento<\/a>"],"unlinked":["<span class=\"advgb-post-tax-term\">Del departamento<\/span>"]}},"comment_count":"0","relative_dates":{"created":"Publicado 9 meses hace","modified":"Actualizado 9 meses hace"},"absolute_dates":{"created":"Publicado el julio 27, 2025","modified":"Actualizado el julio 27, 2025"},"absolute_dates_time":{"created":"Publicado el julio 27, 2025 9:53 pm","modified":"Actualizado el julio 27, 2025 9:59 pm"},"featured_img_caption":"","series_order":"","_links":{"self":[{"href":"https:\/\/portaldeyoung.uy\/index.php\/wp-json\/wp\/v2\/posts\/1831","targetHints":{"allow":["GET"]}}],"collection":[{"href":"https:\/\/portaldeyoung.uy\/index.php\/wp-json\/wp\/v2\/posts"}],"about":[{"href":"https:\/\/portaldeyoung.uy\/index.php\/wp-json\/wp\/v2\/types\/post"}],"author":[{"embeddable":true,"href":"https:\/\/portaldeyoung.uy\/index.php\/wp-json\/wp\/v2\/users\/1"}],"replies":[{"embeddable":true,"href":"https:\/\/portaldeyoung.uy\/index.php\/wp-json\/wp\/v2\/comments?post=1831"}],"version-history":[{"count":3,"href":"https:\/\/portaldeyoung.uy\/index.php\/wp-json\/wp\/v2\/posts\/1831\/revisions"}],"predecessor-version":[{"id":1836,"href":"https:\/\/portaldeyoung.uy\/index.php\/wp-json\/wp\/v2\/posts\/1831\/revisions\/1836"}],"wp:featuredmedia":[{"embeddable":true,"href":"https:\/\/portaldeyoung.uy\/index.php\/wp-json\/wp\/v2\/media\/1832"}],"wp:attachment":[{"href":"https:\/\/portaldeyoung.uy\/index.php\/wp-json\/wp\/v2\/media?parent=1831"}],"wp:term":[{"taxonomy":"category","embeddable":true,"href":"https:\/\/portaldeyoung.uy\/index.php\/wp-json\/wp\/v2\/categories?post=1831"},{"taxonomy":"post_tag","embeddable":true,"href":"https:\/\/portaldeyoung.uy\/index.php\/wp-json\/wp\/v2\/tags?post=1831"}],"curies":[{"name":"wp","href":"https:\/\/api.w.org\/{rel}","templated":true}]}}