{"id":1751,"date":"2025-07-25T20:43:08","date_gmt":"2025-07-25T20:43:08","guid":{"rendered":"https:\/\/portaldeyoung.uy\/?p=1751"},"modified":"2025-07-27T22:30:53","modified_gmt":"2025-07-27T22:30:53","slug":"proyecto-sobre-conductor-adolescente-presentado-en-nuestra-ciudad-compromiso-educativo-y-comunitario","status":"publish","type":"post","link":"https:\/\/portaldeyoung.uy\/index.php\/2025\/07\/25\/proyecto-sobre-conductor-adolescente-presentado-en-nuestra-ciudad-compromiso-educativo-y-comunitario\/","title":{"rendered":"Proyecto sobre Conductor Adolescente Presentado en nuestra ciudad: Compromiso Educativo y Comunitario"},"content":{"rendered":"\n<p>En el auditorio de Casa de Cultura \u00abPedro C. Mar\u00edn\u00bb de Young, estudiantes de la Escuela T\u00e9cnica local, principalmente del Bachillerato de Salud, presentaron hoy un innovador proyecto sobre educaci\u00f3n vial adolescente. Este evento cont\u00f3 con el respaldo del Municipio de Young, representado por la Alcaldesa Cecilia Rodr\u00edguez, y del Gobierno Departamental, con la presencia del Intendente Guillermo Levratto. La Diputada Mercedes Long tambi\u00e9n se sum\u00f3 para apoyar esta iniciativa.<\/p>\n\n\n\n<p>La bienvenida estuvo a cargo de Cecilia Techera, referente del \u00e1rea de Educaci\u00f3n Vial, quien agradeci\u00f3 la presencia de los concurrentes. Seg\u00fan informes de UNASEV, persisten patrones preocupantes: el 60% de los lesionados y casi el 80% de los fallecidos en accidentes viales son hombres. Los j\u00f3venes, especialmente entre 15 y 34 a\u00f1os, son los m\u00e1s vulnerables, con un foco particular en el grupo de 20 a 24 a\u00f1os y entre los fallecidos, predominan los motociclistas j\u00f3venes.<\/p>\n\n\n\n<p>Adem\u00e1s de las autoridades mencionadas, tambi\u00e9n se destac\u00f3 la presencia de Heber Chineppe, Jefe de Divisi\u00f3n Territorial, Lucas Garc\u00eda, Subcomisario y Encargado de la Seccional Sexta de Polic\u00eda, y Mat\u00edas Bastreri, Encargado de la Unidad de Respuesta Policial, quienes respaldaron activamente la iniciativa. Ariel P\u00e9rez del Club Uni\u00f3n Motociclismo tambi\u00e9n apoy\u00f3 el evento.<\/p>\n\n\n\n<p>La profesora Carolina Castillo enfatiz\u00f3 la importancia de abordar el uso seguro de la moto entre los adolescentes, destacando que el Bachillerato de Salud promueve la prevenci\u00f3n y una vida saludable a trav\u00e9s de las instancias que comenzar\u00e1n en breve con apoyo de las instituciones involucradas en la problem\u00e1tica. Los talleres  estar\u00e1n dirigidos a adolescentes y se planea expandir la iniciativa a otros centros educativos y \u00e1reas rurales.<\/p>\n","protected":false},"excerpt":{"rendered":"<p>En el auditorio de Casa de Cultura \u00abPedro C. Mar\u00edn\u00bb de Young, estudiantes de la Escuela T\u00e9cnica local, principalmente del Bachillerato de Salud, presentaron hoy<\/p>\n","protected":false},"author":1,"featured_media":1752,"comment_status":"open","ping_status":"open","sticky":false,"template":"","format":"standard","meta":{"advgb_blocks_editor_width":"","advgb_blocks_columns_visual_guide":"","footnotes":"","jetpack_publicize_message":"","jetpack_publicize_feature_enabled":true,"jetpack_social_post_already_shared":true,"jetpack_social_options":{"image_generator_settings":{"template":"highway","default_image_id":0,"font":"","enabled":false},"version":2}},"categories":[4],"tags":[],"class_list":["post-1751","post","type-post","status-publish","format-standard","has-post-thumbnail","hentry","category-de-aca"],"author_meta":{"display_name":"Portal","author_link":"https:\/\/portaldeyoung.uy\/index.php\/author\/admin_port\/"},"featured_img":"https:\/\/portaldeyoung.uy\/wp-content\/uploads\/2025\/07\/Conferencia-transito-300x147.jpg","jetpack_publicize_connections":[],"coauthors":[],"tax_additional":{"categories":{"linked":["<a href=\"https:\/\/portaldeyoung.uy\/index.php\/category\/de-aca\/\" class=\"advgb-post-tax-term\">De ac\u00e1<\/a>"],"unlinked":["<span class=\"advgb-post-tax-term\">De ac\u00e1<\/span>"]}},"comment_count":"0","relative_dates":{"created":"Publicado 9 meses hace","modified":"Actualizado 9 meses hace"},"absolute_dates":{"created":"Publicado el julio 25, 2025","modified":"Actualizado el julio 27, 2025"},"absolute_dates_time":{"created":"Publicado el julio 25, 2025 8:43 pm","modified":"Actualizado el julio 27, 2025 10:30 pm"},"featured_img_caption":"","series_order":"","_links":{"self":[{"href":"https:\/\/portaldeyoung.uy\/index.php\/wp-json\/wp\/v2\/posts\/1751","targetHints":{"allow":["GET"]}}],"collection":[{"href":"https:\/\/portaldeyoung.uy\/index.php\/wp-json\/wp\/v2\/posts"}],"about":[{"href":"https:\/\/portaldeyoung.uy\/index.php\/wp-json\/wp\/v2\/types\/post"}],"author":[{"embeddable":true,"href":"https:\/\/portaldeyoung.uy\/index.php\/wp-json\/wp\/v2\/users\/1"}],"replies":[{"embeddable":true,"href":"https:\/\/portaldeyoung.uy\/index.php\/wp-json\/wp\/v2\/comments?post=1751"}],"version-history":[{"count":1,"href":"https:\/\/portaldeyoung.uy\/index.php\/wp-json\/wp\/v2\/posts\/1751\/revisions"}],"predecessor-version":[{"id":1753,"href":"https:\/\/portaldeyoung.uy\/index.php\/wp-json\/wp\/v2\/posts\/1751\/revisions\/1753"}],"wp:featuredmedia":[{"embeddable":true,"href":"https:\/\/portaldeyoung.uy\/index.php\/wp-json\/wp\/v2\/media\/1752"}],"wp:attachment":[{"href":"https:\/\/portaldeyoung.uy\/index.php\/wp-json\/wp\/v2\/media?parent=1751"}],"wp:term":[{"taxonomy":"category","embeddable":true,"href":"https:\/\/portaldeyoung.uy\/index.php\/wp-json\/wp\/v2\/categories?post=1751"},{"taxonomy":"post_tag","embeddable":true,"href":"https:\/\/portaldeyoung.uy\/index.php\/wp-json\/wp\/v2\/tags?post=1751"}],"curies":[{"name":"wp","href":"https:\/\/api.w.org\/{rel}","templated":true}]}}