{"id":1741,"date":"2025-07-25T19:36:10","date_gmt":"2025-07-25T19:36:10","guid":{"rendered":"https:\/\/portaldeyoung.uy\/?p=1741"},"modified":"2025-07-25T19:36:15","modified_gmt":"2025-07-25T19:36:15","slug":"san-javier-celebra-su-112o-aniversario-con-una-fiesta-de-raices-y-comunidad","status":"publish","type":"post","link":"https:\/\/portaldeyoung.uy\/index.php\/2025\/07\/25\/san-javier-celebra-su-112o-aniversario-con-una-fiesta-de-raices-y-comunidad\/","title":{"rendered":"San Javier celebra su 112\u00ba aniversario con una fiesta de ra\u00edces y comunidad"},"content":{"rendered":"\n<p><strong>Este 26 y 27 de julio, la localidad de San Javier ser\u00e1 el epicentro de una celebraci\u00f3n que une tradici\u00f3n, diversidad cultural y esp\u00edritu comunitario, al conmemorarse sus 112 a\u00f1os de historia.<\/strong><\/p>\n\n\n\n<p>El municipio de San Javier anunci\u00f3 una nutrida programaci\u00f3n abierta a toda la ciudadan\u00eda, que incluye espect\u00e1culos musicales, danzas t\u00edpicas, feria artesanal, propuestas gastron\u00f3micas y muestras patrimoniales. Las actividades, organizadas con el objetivo de visibilizar la riqueza de sus ra\u00edces y proyectar a San Javier como s\u00edmbolo de identidad territorial, se extender\u00e1n durante ambas jornadas.<\/p>\n\n\n\n<p>Entre los momentos destacados figuran el acto protocolar con el descubrimiento de una Matrioshka conmemorativa, el tradicional desfile de aparcer\u00edas, el almuerzo comunitario y las presentaciones art\u00edsticas de la Orquesta Departamental, el Conjunto Kalinka, Miriam Britos y otros grupos locales y regionales.<\/p>\n\n\n\n<p>Desde la comuna se remarc\u00f3 que este aniversario \u201ces mucho m\u00e1s que un evento\u201d: se trata de una celebraci\u00f3n que fortalece los v\u00ednculos, honra la memoria colectiva y reivindica el valor de la cultura viva en el coraz\u00f3n del departamento.<\/p>\n\n\n\n<p>Todas las actividades son gratuitas y abiertas al p\u00fablico.<\/p>\n\n\n\n<p>26 y 27 de julio.<\/p>\n\n\n\n<figure class=\"wp-block-image size-large\"><img loading=\"lazy\" decoding=\"async\" width=\"819\" height=\"1024\" src=\"https:\/\/portaldeyoung.uy\/wp-content\/uploads\/2025\/07\/cronograma-san-javier-00-819x1024.jpg\" alt=\"\" class=\"wp-image-1742\" srcset=\"https:\/\/portaldeyoung.uy\/wp-content\/uploads\/2025\/07\/cronograma-san-javier-00-819x1024.jpg 819w, https:\/\/portaldeyoung.uy\/wp-content\/uploads\/2025\/07\/cronograma-san-javier-00-240x300.jpg 240w, https:\/\/portaldeyoung.uy\/wp-content\/uploads\/2025\/07\/cronograma-san-javier-00-768x960.jpg 768w, https:\/\/portaldeyoung.uy\/wp-content\/uploads\/2025\/07\/cronograma-san-javier-00-1229x1536.jpg 1229w, https:\/\/portaldeyoung.uy\/wp-content\/uploads\/2025\/07\/cronograma-san-javier-00.jpg 1280w\" sizes=\"auto, (max-width: 819px) 100vw, 819px\" \/><\/figure>\n","protected":false},"excerpt":{"rendered":"<p>Este 26 y 27 de julio, la localidad de San Javier ser\u00e1 el epicentro de una celebraci\u00f3n que une tradici\u00f3n, diversidad cultural y esp\u00edritu comunitario,<\/p>\n","protected":false},"author":1,"featured_media":1743,"comment_status":"open","ping_status":"open","sticky":false,"template":"","format":"standard","meta":{"advgb_blocks_editor_width":"","advgb_blocks_columns_visual_guide":"","footnotes":"","jetpack_publicize_message":"","jetpack_publicize_feature_enabled":true,"jetpack_social_post_already_shared":true,"jetpack_social_options":{"image_generator_settings":{"template":"highway","default_image_id":0,"font":"","enabled":false},"version":2}},"categories":[6],"tags":[],"class_list":["post-1741","post","type-post","status-publish","format-standard","has-post-thumbnail","hentry","category-del-departamento"],"author_meta":{"display_name":"Portal","author_link":"https:\/\/portaldeyoung.uy\/index.php\/author\/admin_port\/"},"featured_img":"https:\/\/portaldeyoung.uy\/wp-content\/uploads\/2025\/07\/cronograma-san-javier-300x150.jpg","jetpack_publicize_connections":[],"coauthors":[],"tax_additional":{"categories":{"linked":["<a href=\"https:\/\/portaldeyoung.uy\/index.php\/category\/del-departamento\/\" class=\"advgb-post-tax-term\">Del departamento<\/a>"],"unlinked":["<span class=\"advgb-post-tax-term\">Del departamento<\/span>"]}},"comment_count":"0","relative_dates":{"created":"Publicado 9 meses hace","modified":"Actualizado 9 meses hace"},"absolute_dates":{"created":"Publicado el julio 25, 2025","modified":"Actualizado el julio 25, 2025"},"absolute_dates_time":{"created":"Publicado el julio 25, 2025 7:36 pm","modified":"Actualizado el julio 25, 2025 7:36 pm"},"featured_img_caption":"","series_order":"","_links":{"self":[{"href":"https:\/\/portaldeyoung.uy\/index.php\/wp-json\/wp\/v2\/posts\/1741","targetHints":{"allow":["GET"]}}],"collection":[{"href":"https:\/\/portaldeyoung.uy\/index.php\/wp-json\/wp\/v2\/posts"}],"about":[{"href":"https:\/\/portaldeyoung.uy\/index.php\/wp-json\/wp\/v2\/types\/post"}],"author":[{"embeddable":true,"href":"https:\/\/portaldeyoung.uy\/index.php\/wp-json\/wp\/v2\/users\/1"}],"replies":[{"embeddable":true,"href":"https:\/\/portaldeyoung.uy\/index.php\/wp-json\/wp\/v2\/comments?post=1741"}],"version-history":[{"count":1,"href":"https:\/\/portaldeyoung.uy\/index.php\/wp-json\/wp\/v2\/posts\/1741\/revisions"}],"predecessor-version":[{"id":1744,"href":"https:\/\/portaldeyoung.uy\/index.php\/wp-json\/wp\/v2\/posts\/1741\/revisions\/1744"}],"wp:featuredmedia":[{"embeddable":true,"href":"https:\/\/portaldeyoung.uy\/index.php\/wp-json\/wp\/v2\/media\/1743"}],"wp:attachment":[{"href":"https:\/\/portaldeyoung.uy\/index.php\/wp-json\/wp\/v2\/media?parent=1741"}],"wp:term":[{"taxonomy":"category","embeddable":true,"href":"https:\/\/portaldeyoung.uy\/index.php\/wp-json\/wp\/v2\/categories?post=1741"},{"taxonomy":"post_tag","embeddable":true,"href":"https:\/\/portaldeyoung.uy\/index.php\/wp-json\/wp\/v2\/tags?post=1741"}],"curies":[{"name":"wp","href":"https:\/\/api.w.org\/{rel}","templated":true}]}}