{"id":1732,"date":"2025-07-25T19:03:34","date_gmt":"2025-07-25T19:03:34","guid":{"rendered":"https:\/\/portaldeyoung.uy\/?p=1732"},"modified":"2025-07-25T19:03:37","modified_gmt":"2025-07-25T19:03:37","slug":"vecinos-escracharon-a-pareja-acusada-de-cometer-abusos-contra-una-menor-de-12-anos-en-paysandu","status":"publish","type":"post","link":"https:\/\/portaldeyoung.uy\/index.php\/2025\/07\/25\/vecinos-escracharon-a-pareja-acusada-de-cometer-abusos-contra-una-menor-de-12-anos-en-paysandu\/","title":{"rendered":"Vecinos escracharon a pareja acusada de cometer abusos contra una menor de 12 a\u00f1os en Paysand\u00fa"},"content":{"rendered":"\n<p>Momentos de gran <strong>tensi\u00f3n<\/strong> se vivieron anoche en las calles <strong>Grito de Asencio y Naciones Unidas<\/strong> de la capital sanducera, donde un numeroso grupo de <strong>vecinos<\/strong> se concentr\u00f3 frente a una vivienda para escrachar a una <strong>pareja acusada<\/strong> de cometer un <strong>presunto delito contra una ni\u00f1a de 12 a\u00f1os<\/strong>. La menor se encuentra actualmente internada en el <strong>Hospital Escuela del Litoral<\/strong>, donde \u2013seg\u00fan trascendi\u00f3\u2013 se habr\u00edan constatado <strong>indicios del hecho investigado<\/strong>.<\/p>\n\n\n\n<p>La <strong>manifestaci\u00f3n<\/strong>, espont\u00e1nea pero masiva, reuni\u00f3 a m\u00e1s de un centenar de personas que, entre gritos y palmas, exig\u00edan que los implicados abandonaran el barrio. \u201c\u00a1<strong>No los queremos m\u00e1s ac\u00e1!<\/strong>\u201d, fue la consigna principal. Entre los presentes reinaba el nerviosismo, y varios acusaban a la <strong>pareja<\/strong> de haber da\u00f1ado gravemente a la ni\u00f1a, se\u00f1alando incluso que la mujer habr\u00eda sido <strong>c\u00f3mplice<\/strong> del hecho.<br>La situaci\u00f3n r\u00e1pidamente escal\u00f3 en <strong>violencia<\/strong> verbal y amenazas, lo que motiv\u00f3 la presencia de varios <strong>m\u00f3viles policiales<\/strong>. Los efectivos <strong>cercaron la vivienda<\/strong> con el objetivo de preservar el orden y evitar que los vecinos hicieran <strong>justicia por mano propia<\/strong>. En medio de los disturbios, algunos vecinos pintaron <strong>grafitis<\/strong> en la fachada de la casa, mientras desde el fondo del terreno otros arrojaban <strong>piedras<\/strong>.<br><\/p>\n\n\n\n<p>Tras m\u00e1s de media hora de <strong>tensi\u00f3n<\/strong>, y con presencia de polic\u00edas de distintas reparticiones, los efectivos lograron retirar a la <strong>pareja<\/strong> del interior de la vivienda. El procedimiento se realiz\u00f3 bajo un fuerte operativo de <strong>seguridad<\/strong>, con uso de <strong>escudos<\/strong> y <strong>armamento largo<\/strong> para prevenir agresiones f\u00edsicas.<\/p>\n\n\n\n<p>Sin embargo, la furia vecinal no ces\u00f3. Apenas retirados los acusados, un grupo de personas ingres\u00f3 a la casa y comenz\u00f3 a <strong>destruir pertenencias<\/strong>. Varios objetos fueron sacados a la calle y <strong>prendidos fuego<\/strong>, mientras otros fueron destrozados en el interior. Toda la secuencia fue registrada en <strong>videos caseros<\/strong> que r\u00e1pidamente comenzaron a circular por <strong>redes sociales<\/strong>, principalmente en <strong>Facebook<\/strong>. Al lugar acudi\u00f3 personal del <strong>destacamento de Bomberos<\/strong>, que control\u00f3 las llamas, mientras la <strong>Polic\u00eda<\/strong> permanec\u00eda desplegada intentando contener a los manifestantes y evitar nuevos incidentes.<\/p>\n\n\n\n<p>Fuentes oficiales confirmaron que el <strong>caso<\/strong> que motiv\u00f3 la <strong>manifestaci\u00f3n<\/strong> se encuentra en etapa de <strong>investigaci\u00f3n preliminar<\/strong>. Por el momento, no se han confirmado <strong>formalizaciones judiciales<\/strong>. El episodio gener\u00f3 <strong>conmoci\u00f3n<\/strong> en el barrio, que permanece en <strong>estado de alerta<\/strong> y contin\u00faa reclamando <strong>justicia<\/strong> para la menor afectada.<\/p>\n\n\n\n<p>Asimismo, a trav\u00e9s de <strong>redes sociales<\/strong> comenz\u00f3 a circular la convocatoria para una <strong>movilizaci\u00f3n pac\u00edfica<\/strong> a realizarse hoy a las 15 horas, frente a <strong>fiscal\u00eda<\/strong> o el <strong>juzgado<\/strong> para pedir <strong>justicia por todos los ni\u00f1os abusados<\/strong>.<\/p>\n\n\n\n<p><em>*El Tel\u00e9grafo<\/em><\/p>\n","protected":false},"excerpt":{"rendered":"<p>Momentos de gran tensi\u00f3n se vivieron anoche en las calles Grito de Asencio y Naciones Unidas de la capital sanducera, donde un numeroso grupo de<\/p>\n","protected":false},"author":1,"featured_media":1733,"comment_status":"open","ping_status":"open","sticky":false,"template":"","format":"standard","meta":{"advgb_blocks_editor_width":"","advgb_blocks_columns_visual_guide":"","footnotes":"","jetpack_publicize_message":"","jetpack_publicize_feature_enabled":true,"jetpack_social_post_already_shared":true,"jetpack_social_options":{"image_generator_settings":{"template":"highway","default_image_id":0,"font":"","enabled":false},"version":2}},"categories":[7],"tags":[],"class_list":["post-1732","post","type-post","status-publish","format-standard","has-post-thumbnail","hentry","category-del-pais"],"author_meta":{"display_name":"Portal","author_link":"https:\/\/portaldeyoung.uy\/index.php\/author\/admin_port\/"},"featured_img":"https:\/\/portaldeyoung.uy\/wp-content\/uploads\/2025\/07\/vecinos-enojados-abuso-300x169.jpg","jetpack_publicize_connections":[],"coauthors":[],"tax_additional":{"categories":{"linked":["<a href=\"https:\/\/portaldeyoung.uy\/index.php\/category\/del-pais\/\" class=\"advgb-post-tax-term\">Del pa\u00eds<\/a>"],"unlinked":["<span class=\"advgb-post-tax-term\">Del pa\u00eds<\/span>"]}},"comment_count":"0","relative_dates":{"created":"Publicado 9 meses hace","modified":"Actualizado 9 meses hace"},"absolute_dates":{"created":"Publicado el julio 25, 2025","modified":"Actualizado el julio 25, 2025"},"absolute_dates_time":{"created":"Publicado el julio 25, 2025 7:03 pm","modified":"Actualizado el julio 25, 2025 7:03 pm"},"featured_img_caption":"","series_order":"","_links":{"self":[{"href":"https:\/\/portaldeyoung.uy\/index.php\/wp-json\/wp\/v2\/posts\/1732","targetHints":{"allow":["GET"]}}],"collection":[{"href":"https:\/\/portaldeyoung.uy\/index.php\/wp-json\/wp\/v2\/posts"}],"about":[{"href":"https:\/\/portaldeyoung.uy\/index.php\/wp-json\/wp\/v2\/types\/post"}],"author":[{"embeddable":true,"href":"https:\/\/portaldeyoung.uy\/index.php\/wp-json\/wp\/v2\/users\/1"}],"replies":[{"embeddable":true,"href":"https:\/\/portaldeyoung.uy\/index.php\/wp-json\/wp\/v2\/comments?post=1732"}],"version-history":[{"count":1,"href":"https:\/\/portaldeyoung.uy\/index.php\/wp-json\/wp\/v2\/posts\/1732\/revisions"}],"predecessor-version":[{"id":1734,"href":"https:\/\/portaldeyoung.uy\/index.php\/wp-json\/wp\/v2\/posts\/1732\/revisions\/1734"}],"wp:featuredmedia":[{"embeddable":true,"href":"https:\/\/portaldeyoung.uy\/index.php\/wp-json\/wp\/v2\/media\/1733"}],"wp:attachment":[{"href":"https:\/\/portaldeyoung.uy\/index.php\/wp-json\/wp\/v2\/media?parent=1732"}],"wp:term":[{"taxonomy":"category","embeddable":true,"href":"https:\/\/portaldeyoung.uy\/index.php\/wp-json\/wp\/v2\/categories?post=1732"},{"taxonomy":"post_tag","embeddable":true,"href":"https:\/\/portaldeyoung.uy\/index.php\/wp-json\/wp\/v2\/tags?post=1732"}],"curies":[{"name":"wp","href":"https:\/\/api.w.org\/{rel}","templated":true}]}}