{"id":1727,"date":"2025-07-25T18:51:17","date_gmt":"2025-07-25T18:51:17","guid":{"rendered":"https:\/\/portaldeyoung.uy\/?p=1727"},"modified":"2025-07-25T18:51:22","modified_gmt":"2025-07-25T18:51:22","slug":"se-anuncio-aumentos-a-jubilados-y-pensionistas-de-prestaciones-minimas","status":"publish","type":"post","link":"https:\/\/portaldeyoung.uy\/index.php\/2025\/07\/25\/se-anuncio-aumentos-a-jubilados-y-pensionistas-de-prestaciones-minimas\/","title":{"rendered":"Se anunci\u00f3 aumentos a jubilados y pensionistas de prestaciones m\u00ednimas"},"content":{"rendered":"\n<p>Ser\u00e1n aumentos permanentes y no \u00abadelantos\u00bb, aclar\u00f3 Yamand\u00fa Orsi.<\/p>\n\n\n\n<p>El presidente, Yamand\u00fa Orsi, confirm\u00f3 a trav\u00e9s de su cuenta de X que los jubilados y pensionistas de pasividades m\u00ednimas tendr\u00e1n un aumento de 2% para este a\u00f1o, que ser\u00e1 permanente y no un adelanto, y que se complementar\u00e1 con otro adicional del 1% en julio de 2026.<\/p>\n\n\n\n<p>\u201cEl aumento se har\u00e1 efectivo con las pasividades de agosto de 2025, retroactivo al mes de julio\u201d, escribi\u00f3 el mandatario.<\/p>\n\n\n\n<p>La medida beneficia a un n\u00famero aproximado de 140 mil personas, inform\u00f3, asimismo.<\/p>\n\n\n\n<p>En las pr\u00f3ximas horas, los ministros Juan Castillo y Gabriel Oddone se reunir\u00e1n con la Organizaci\u00f3n Nacional de Jubilados y Pensionistas del Uruguay.<\/p>\n\n\n\n<figure class=\"wp-block-embed is-type-rich is-provider-twitter wp-block-embed-twitter\"><div class=\"wp-block-embed__wrapper\">\n<blockquote class=\"twitter-tweet\" data-width=\"550\" data-dnt=\"true\"><p lang=\"es\" dir=\"ltr\">Volvemos por el camino de otorgar un aumento adicional para los jubilados y pensionistas que tienen como \u00fanico ingreso su pasividad m\u00ednima. El aumento acordado con ONAJPU es de 2% para este a\u00f1o y se complementar\u00e1 con un aumento adicional de 1% en julio de 2026. <br>El aumento se\u2026<\/p>&mdash; Yamand\u00fa Orsi (@OrsiYamandu) <a href=\"https:\/\/twitter.com\/OrsiYamandu\/status\/1948779908500787641?ref_src=twsrc%5Etfw\">July 25, 2025<\/a><\/blockquote><script async src=\"https:\/\/platform.twitter.com\/widgets.js\" charset=\"utf-8\"><\/script>\n<\/div><\/figure>\n","protected":false},"excerpt":{"rendered":"<p>Ser\u00e1n aumentos permanentes y no \u00abadelantos\u00bb, aclar\u00f3 Yamand\u00fa Orsi. El presidente, Yamand\u00fa Orsi, confirm\u00f3 a trav\u00e9s de su cuenta de X que los jubilados y<\/p>\n","protected":false},"author":1,"featured_media":1728,"comment_status":"open","ping_status":"open","sticky":false,"template":"","format":"standard","meta":{"advgb_blocks_editor_width":"","advgb_blocks_columns_visual_guide":"","footnotes":"","jetpack_publicize_message":"","jetpack_publicize_feature_enabled":true,"jetpack_social_post_already_shared":true,"jetpack_social_options":{"image_generator_settings":{"template":"highway","default_image_id":0,"font":"","enabled":false},"version":2}},"categories":[7],"tags":[],"class_list":["post-1727","post","type-post","status-publish","format-standard","has-post-thumbnail","hentry","category-del-pais"],"author_meta":{"display_name":"Portal","author_link":"https:\/\/portaldeyoung.uy\/index.php\/author\/admin_port\/"},"featured_img":"https:\/\/portaldeyoung.uy\/wp-content\/uploads\/2025\/07\/pasivos-300x142.png","jetpack_publicize_connections":[],"coauthors":[],"tax_additional":{"categories":{"linked":["<a href=\"https:\/\/portaldeyoung.uy\/index.php\/category\/del-pais\/\" class=\"advgb-post-tax-term\">Del pa\u00eds<\/a>"],"unlinked":["<span class=\"advgb-post-tax-term\">Del pa\u00eds<\/span>"]}},"comment_count":"0","relative_dates":{"created":"Publicado 9 meses hace","modified":"Actualizado 9 meses hace"},"absolute_dates":{"created":"Publicado el julio 25, 2025","modified":"Actualizado el julio 25, 2025"},"absolute_dates_time":{"created":"Publicado el julio 25, 2025 6:51 pm","modified":"Actualizado el julio 25, 2025 6:51 pm"},"featured_img_caption":"","series_order":"","_links":{"self":[{"href":"https:\/\/portaldeyoung.uy\/index.php\/wp-json\/wp\/v2\/posts\/1727","targetHints":{"allow":["GET"]}}],"collection":[{"href":"https:\/\/portaldeyoung.uy\/index.php\/wp-json\/wp\/v2\/posts"}],"about":[{"href":"https:\/\/portaldeyoung.uy\/index.php\/wp-json\/wp\/v2\/types\/post"}],"author":[{"embeddable":true,"href":"https:\/\/portaldeyoung.uy\/index.php\/wp-json\/wp\/v2\/users\/1"}],"replies":[{"embeddable":true,"href":"https:\/\/portaldeyoung.uy\/index.php\/wp-json\/wp\/v2\/comments?post=1727"}],"version-history":[{"count":1,"href":"https:\/\/portaldeyoung.uy\/index.php\/wp-json\/wp\/v2\/posts\/1727\/revisions"}],"predecessor-version":[{"id":1729,"href":"https:\/\/portaldeyoung.uy\/index.php\/wp-json\/wp\/v2\/posts\/1727\/revisions\/1729"}],"wp:featuredmedia":[{"embeddable":true,"href":"https:\/\/portaldeyoung.uy\/index.php\/wp-json\/wp\/v2\/media\/1728"}],"wp:attachment":[{"href":"https:\/\/portaldeyoung.uy\/index.php\/wp-json\/wp\/v2\/media?parent=1727"}],"wp:term":[{"taxonomy":"category","embeddable":true,"href":"https:\/\/portaldeyoung.uy\/index.php\/wp-json\/wp\/v2\/categories?post=1727"},{"taxonomy":"post_tag","embeddable":true,"href":"https:\/\/portaldeyoung.uy\/index.php\/wp-json\/wp\/v2\/tags?post=1727"}],"curies":[{"name":"wp","href":"https:\/\/api.w.org\/{rel}","templated":true}]}}