{"id":1695,"date":"2025-07-24T12:25:13","date_gmt":"2025-07-24T12:25:13","guid":{"rendered":"https:\/\/portaldeyoung.uy\/?p=1695"},"modified":"2025-07-24T12:28:07","modified_gmt":"2025-07-24T12:28:07","slug":"con-goles-de-maximiliano-gomez-nacional-gano-en-paysandu","status":"publish","type":"post","link":"https:\/\/portaldeyoung.uy\/index.php\/2025\/07\/24\/con-goles-de-maximiliano-gomez-nacional-gano-en-paysandu\/","title":{"rendered":"Con goles de Maximiliano G\u00f3mez, Nacional gan\u00f3 en Paysand\u00fa"},"content":{"rendered":"\n<p>La vecina ciudad vivi\u00f3 una fiesta anoche con el amistoso entre Paysand\u00fa FC y Nacional en el Estadio Artigas. Los tricolores vencieron 4 a 0 al equipo local en el amistoso de preparaci\u00f3n en el que se estrenaron en el tricolor Nicol\u00e1s Lodeiro y Maximiliano G\u00f3mez.<br>Previo al incio del encuentro, se hicieron reconocimientos protocolares entre dirigentes de Nacional, Paysand\u00fa F\u00fatbol Club y autoridades de la Intendencia del vecino departamento, con destaque para la entrega de plaquetas que la intendencia comuna le hizo a los cuatro futbolistas albos que nacieron en la vecina ciudad: Diego Capdevila, Maximiliano G\u00f3mez, Nicol\u00e1s Lodeiro e Ignacio Su\u00e1rez.<\/p>\n\n\n\n<figure class=\"wp-block-image\"><img decoding=\"async\" src=\"https:\/\/www.eltelegrafo.com\/wp-content\/uploads\/2025\/07\/k33346-1200x671.jpg\" alt=\"\" class=\"wp-image-283487\"\/><\/figure>\n\n\n\n<p>El partido, m\u00e1s all\u00e1 de ser amistoso, sirvi\u00f3 a ambos cuerpos t\u00e9cnicos para aceitar el funcionamiento colectivo y sobre todo en el caso del locatario, para medirse ante un rival de jerarqu\u00eda, preparaci\u00f3n de lujo para un equipo que viene dominando su serie en la tercera categor\u00eda del f\u00fatbol uruguayo. <\/p>\n\n\n\n<h4 class=\"wp-block-heading\">PAYSAND\u00da FC 0 &#8211; NACIONAL 4<\/h4>\n\n\n\n<p>Escenario: Estadio Artigas.<br>\u00c1rbitros: Esteban Guerra, Alberto P\u00edriz y Franco Mieres.<br>Paysand\u00fa: N. Ferreyra (St. 23\u2019 L. Lanterna), U. M\u00e1rquez, N. Morales, L. G\u00f3mez (St. 1\u2019 B. Firpo), A. Vique (St. 1\u2019 B. P\u00e1ez), M. Acosta (St. 1\u2019 A. Mascara\u00f1a), J. Silvera, E. Arrieta (St. 1\u2019 L. Mendoza), I. G\u00f3mez (St. 14\u2019 V. Pesce), M. Cantera (St. 1\u2019 A. Iturria), G. Leyes (St. 1\u2019 G. L\u00f3pez). DT: Ram\u00f3n Silvera.<br>Nacional: L. Mej\u00eda, E. Ancheta (St. 34\u2019 J. Echeverr\u00eda), S. Coates (St. 1\u2019 T. Viera), P. Calione, D. Romero (St. 34\u2019 L. V\u00e1zquez), C. Oliva (St. 23\u2019 L Rodr\u00edguez), L. Boggio (St. 34\u2019 Y. Rodr\u00edguez), R. Otero (St. 23\u2019 A. Dos Santos), N. Lodeiro (St. 23\u2019 C. Ebere), N. L\u00f3pez (St. 1\u2019 B. Arady), M. G\u00f3mez. DT: Pablo Peirano.<br>Goles: Pt. 12\u2019 M. G\u00f3mez; St. 33\u2019 A. Dos Santos, 37\u2019 A. Dos Santos, 43\u2019 M. G\u00f3mez.<\/p>\n\n\n\n<p><\/p>\n\n\n\n<p><em>*El Tel\u00e9grafo<\/em><\/p>\n","protected":false},"excerpt":{"rendered":"<p>La vecina ciudad vivi\u00f3 una fiesta anoche con el amistoso entre Paysand\u00fa FC y Nacional en el Estadio Artigas. Los tricolores vencieron 4 a 0<\/p>\n","protected":false},"author":1,"featured_media":1696,"comment_status":"open","ping_status":"open","sticky":false,"template":"","format":"standard","meta":{"advgb_blocks_editor_width":"","advgb_blocks_columns_visual_guide":"","footnotes":"","jetpack_publicize_message":"","jetpack_publicize_feature_enabled":true,"jetpack_social_post_already_shared":true,"jetpack_social_options":{"image_generator_settings":{"template":"highway","default_image_id":0,"font":"","enabled":false},"version":2}},"categories":[5],"tags":[],"class_list":["post-1695","post","type-post","status-publish","format-standard","has-post-thumbnail","hentry","category-de-la-tribuna"],"author_meta":{"display_name":"Portal","author_link":"https:\/\/portaldeyoung.uy\/index.php\/author\/admin_port\/"},"featured_img":"https:\/\/portaldeyoung.uy\/wp-content\/uploads\/2025\/07\/Nacional-en-Paysandu-300x169.jpg","jetpack_publicize_connections":[],"coauthors":[],"tax_additional":{"categories":{"linked":["<a href=\"https:\/\/portaldeyoung.uy\/index.php\/category\/de-la-tribuna\/\" class=\"advgb-post-tax-term\">De la tribuna<\/a>"],"unlinked":["<span class=\"advgb-post-tax-term\">De la tribuna<\/span>"]}},"comment_count":"0","relative_dates":{"created":"Publicado 9 meses hace","modified":"Actualizado 9 meses hace"},"absolute_dates":{"created":"Publicado el julio 24, 2025","modified":"Actualizado el julio 24, 2025"},"absolute_dates_time":{"created":"Publicado el julio 24, 2025 12:25 pm","modified":"Actualizado el julio 24, 2025 12:28 pm"},"featured_img_caption":"","series_order":"","_links":{"self":[{"href":"https:\/\/portaldeyoung.uy\/index.php\/wp-json\/wp\/v2\/posts\/1695","targetHints":{"allow":["GET"]}}],"collection":[{"href":"https:\/\/portaldeyoung.uy\/index.php\/wp-json\/wp\/v2\/posts"}],"about":[{"href":"https:\/\/portaldeyoung.uy\/index.php\/wp-json\/wp\/v2\/types\/post"}],"author":[{"embeddable":true,"href":"https:\/\/portaldeyoung.uy\/index.php\/wp-json\/wp\/v2\/users\/1"}],"replies":[{"embeddable":true,"href":"https:\/\/portaldeyoung.uy\/index.php\/wp-json\/wp\/v2\/comments?post=1695"}],"version-history":[{"count":3,"href":"https:\/\/portaldeyoung.uy\/index.php\/wp-json\/wp\/v2\/posts\/1695\/revisions"}],"predecessor-version":[{"id":1700,"href":"https:\/\/portaldeyoung.uy\/index.php\/wp-json\/wp\/v2\/posts\/1695\/revisions\/1700"}],"wp:featuredmedia":[{"embeddable":true,"href":"https:\/\/portaldeyoung.uy\/index.php\/wp-json\/wp\/v2\/media\/1696"}],"wp:attachment":[{"href":"https:\/\/portaldeyoung.uy\/index.php\/wp-json\/wp\/v2\/media?parent=1695"}],"wp:term":[{"taxonomy":"category","embeddable":true,"href":"https:\/\/portaldeyoung.uy\/index.php\/wp-json\/wp\/v2\/categories?post=1695"},{"taxonomy":"post_tag","embeddable":true,"href":"https:\/\/portaldeyoung.uy\/index.php\/wp-json\/wp\/v2\/tags?post=1695"}],"curies":[{"name":"wp","href":"https:\/\/api.w.org\/{rel}","templated":true}]}}