{"id":1688,"date":"2025-07-24T12:05:14","date_gmt":"2025-07-24T12:05:14","guid":{"rendered":"https:\/\/portaldeyoung.uy\/?p=1688"},"modified":"2025-07-24T14:44:23","modified_gmt":"2025-07-24T14:44:23","slug":"abordaje-de-la-problematica-de-salud-mental-a-nivel-departamental","status":"publish","type":"post","link":"https:\/\/portaldeyoung.uy\/index.php\/2025\/07\/24\/abordaje-de-la-problematica-de-salud-mental-a-nivel-departamental\/","title":{"rendered":"Abordaje de la problem\u00e1tica de salud mental a nivel departamental"},"content":{"rendered":"\n<p><strong>Con el impulso del Director Departamental de Salud, Dr. Gerardo Valiero, y el respaldo del Intendente de R\u00edo Negro, Arq. Guillermo Levratto, se convoca a la conformaci\u00f3n de un dispositivo interinstitucional para atender la emergencia en salud mental.<\/strong><\/p>\n\n\n\n<p>Esta iniciativa, que cuenta con el apoyo de ASSE, MIDES y prestadores privados, busca articular acciones con instituciones p\u00fablicas, organizaciones sociales, deportivas, religiosas y comunitarias, promoviendo una mirada integral que incorpore salud, cultura, deporte y recreaci\u00f3n como pilares para la prevenci\u00f3n del suicidio y el fortalecimiento del bienestar emocional.<\/p>\n\n\n\n<p>Adem\u00e1s, se est\u00e1 poniendo en marcha una estrategia para acompa\u00f1ar a embarazadas, ni\u00f1as, ni\u00f1os y adolescentes que enfrentan situaciones dif\u00edciles como falta de alimentaci\u00f3n, problemas de atenci\u00f3n, vivienda precaria o consumo. La idea es llegar con apoyo real, generar espacios seguros y accesibles, y ayudar a cada persona a crecer con dignidad.<\/p>\n\n\n\n<p>Tambi\u00e9n se proyectan misiones socioeducativas en el interior del departamento y el posible regreso del Campeonato Interpueblos, como formas de fortalecer la identidad, el encuentro y la participaci\u00f3n. En paralelo, se trabaja para que los centros de barrio sean lugares donde se pueda hablar, ser escuchado y encontrar apoyo frente a situaciones de violencia o vulnerabilidad.<\/p>\n\n\n\n<p>Todo esto forma parte de un compromiso claro: construir una salud p\u00fablica m\u00e1s humana, cercana y conectada con la vida cotidiana de las comunidades.<\/p>\n","protected":false},"excerpt":{"rendered":"<p>Con el impulso del Director Departamental de Salud, Dr. Gerardo Valiero, y el respaldo del Intendente de R\u00edo Negro, Arq. Guillermo Levratto, se convoca a<\/p>\n","protected":false},"author":1,"featured_media":1689,"comment_status":"open","ping_status":"open","sticky":false,"template":"","format":"standard","meta":{"advgb_blocks_editor_width":"","advgb_blocks_columns_visual_guide":"","footnotes":"","jetpack_publicize_message":"","jetpack_publicize_feature_enabled":true,"jetpack_social_post_already_shared":true,"jetpack_social_options":{"image_generator_settings":{"template":"highway","default_image_id":0,"font":"","enabled":false},"version":2}},"categories":[6],"tags":[],"class_list":["post-1688","post","type-post","status-publish","format-standard","has-post-thumbnail","hentry","category-del-departamento"],"author_meta":{"display_name":"Portal","author_link":"https:\/\/portaldeyoung.uy\/index.php\/author\/admin_port\/"},"featured_img":"https:\/\/portaldeyoung.uy\/wp-content\/uploads\/2025\/07\/asse-valerio-y-levratto-300x169.jpg","jetpack_publicize_connections":[],"coauthors":[],"tax_additional":{"categories":{"linked":["<a href=\"https:\/\/portaldeyoung.uy\/index.php\/category\/del-departamento\/\" class=\"advgb-post-tax-term\">Del departamento<\/a>"],"unlinked":["<span class=\"advgb-post-tax-term\">Del departamento<\/span>"]}},"comment_count":"0","relative_dates":{"created":"Publicado 9 meses hace","modified":"Actualizado 9 meses hace"},"absolute_dates":{"created":"Publicado el julio 24, 2025","modified":"Actualizado el julio 24, 2025"},"absolute_dates_time":{"created":"Publicado el julio 24, 2025 12:05 pm","modified":"Actualizado el julio 24, 2025 2:44 pm"},"featured_img_caption":"","series_order":"","_links":{"self":[{"href":"https:\/\/portaldeyoung.uy\/index.php\/wp-json\/wp\/v2\/posts\/1688","targetHints":{"allow":["GET"]}}],"collection":[{"href":"https:\/\/portaldeyoung.uy\/index.php\/wp-json\/wp\/v2\/posts"}],"about":[{"href":"https:\/\/portaldeyoung.uy\/index.php\/wp-json\/wp\/v2\/types\/post"}],"author":[{"embeddable":true,"href":"https:\/\/portaldeyoung.uy\/index.php\/wp-json\/wp\/v2\/users\/1"}],"replies":[{"embeddable":true,"href":"https:\/\/portaldeyoung.uy\/index.php\/wp-json\/wp\/v2\/comments?post=1688"}],"version-history":[{"count":1,"href":"https:\/\/portaldeyoung.uy\/index.php\/wp-json\/wp\/v2\/posts\/1688\/revisions"}],"predecessor-version":[{"id":1690,"href":"https:\/\/portaldeyoung.uy\/index.php\/wp-json\/wp\/v2\/posts\/1688\/revisions\/1690"}],"wp:featuredmedia":[{"embeddable":true,"href":"https:\/\/portaldeyoung.uy\/index.php\/wp-json\/wp\/v2\/media\/1689"}],"wp:attachment":[{"href":"https:\/\/portaldeyoung.uy\/index.php\/wp-json\/wp\/v2\/media?parent=1688"}],"wp:term":[{"taxonomy":"category","embeddable":true,"href":"https:\/\/portaldeyoung.uy\/index.php\/wp-json\/wp\/v2\/categories?post=1688"},{"taxonomy":"post_tag","embeddable":true,"href":"https:\/\/portaldeyoung.uy\/index.php\/wp-json\/wp\/v2\/tags?post=1688"}],"curies":[{"name":"wp","href":"https:\/\/api.w.org\/{rel}","templated":true}]}}