{"id":1653,"date":"2025-07-23T11:47:35","date_gmt":"2025-07-23T11:47:35","guid":{"rendered":"https:\/\/portaldeyoung.uy\/?p=1653"},"modified":"2025-07-23T11:47:38","modified_gmt":"2025-07-23T11:47:38","slug":"fray-bentos-adolescente-roba-una-moto-0km-que-estaba-a-la-venta","status":"publish","type":"post","link":"https:\/\/portaldeyoung.uy\/index.php\/2025\/07\/23\/fray-bentos-adolescente-roba-una-moto-0km-que-estaba-a-la-venta\/","title":{"rendered":"Fray Bentos: adolescente roba una moto 0Km. que estaba a la venta"},"content":{"rendered":"\n<p>Un inusual hecho se dio en las \u00faltimas horas en Fray Bentos, cuando a la polic\u00eda que estaba realizando recorridas por las calles de la ciudad vio un adolescente que llevaba una moto de tiro \u00abbastante nueva\u00bb. La polic\u00eda le consult\u00f3 al joven sobre la moto y termin\u00f3 reconociendo que la hab\u00eda sacado de la vereda de un comercio cercano.<\/p>\n\n\n\n<p>La actuaci\u00f3n policial fue tan r\u00e1pida que desde el comercio donde ten\u00edan la moto en exhibici\u00f3n no se hab\u00edan percatado que faltaba.<\/p>\n\n\n\n<p>La situaci\u00f3n fue muy r\u00e1pida ya que llam\u00f3 la atenci\u00f3n que por las caracter\u00edsticas del veh\u00edculo, este ya estuviera sin funcionar.<\/p>\n","protected":false},"excerpt":{"rendered":"<p>Un inusual hecho se dio en las \u00faltimas horas en Fray Bentos, cuando a la polic\u00eda que estaba realizando recorridas por las calles de la<\/p>\n","protected":false},"author":1,"featured_media":607,"comment_status":"open","ping_status":"open","sticky":false,"template":"","format":"standard","meta":{"advgb_blocks_editor_width":"","advgb_blocks_columns_visual_guide":"","footnotes":"","jetpack_publicize_message":"","jetpack_publicize_feature_enabled":true,"jetpack_social_post_already_shared":true,"jetpack_social_options":{"image_generator_settings":{"template":"highway","default_image_id":0,"font":"","enabled":false},"version":2}},"categories":[6],"tags":[],"class_list":["post-1653","post","type-post","status-publish","format-standard","has-post-thumbnail","hentry","category-del-departamento"],"author_meta":{"display_name":"Portal","author_link":"https:\/\/portaldeyoung.uy\/index.php\/author\/admin_port\/"},"featured_img":"https:\/\/portaldeyoung.uy\/wp-content\/uploads\/2025\/06\/POLICIA-2-300x150.jpg","jetpack_publicize_connections":[],"coauthors":[],"tax_additional":{"categories":{"linked":["<a href=\"https:\/\/portaldeyoung.uy\/index.php\/category\/del-departamento\/\" class=\"advgb-post-tax-term\">Del departamento<\/a>"],"unlinked":["<span class=\"advgb-post-tax-term\">Del departamento<\/span>"]}},"comment_count":"0","relative_dates":{"created":"Publicado 9 meses hace","modified":"Actualizado 9 meses hace"},"absolute_dates":{"created":"Publicado el julio 23, 2025","modified":"Actualizado el julio 23, 2025"},"absolute_dates_time":{"created":"Publicado el julio 23, 2025 11:47 am","modified":"Actualizado el julio 23, 2025 11:47 am"},"featured_img_caption":"","series_order":"","_links":{"self":[{"href":"https:\/\/portaldeyoung.uy\/index.php\/wp-json\/wp\/v2\/posts\/1653","targetHints":{"allow":["GET"]}}],"collection":[{"href":"https:\/\/portaldeyoung.uy\/index.php\/wp-json\/wp\/v2\/posts"}],"about":[{"href":"https:\/\/portaldeyoung.uy\/index.php\/wp-json\/wp\/v2\/types\/post"}],"author":[{"embeddable":true,"href":"https:\/\/portaldeyoung.uy\/index.php\/wp-json\/wp\/v2\/users\/1"}],"replies":[{"embeddable":true,"href":"https:\/\/portaldeyoung.uy\/index.php\/wp-json\/wp\/v2\/comments?post=1653"}],"version-history":[{"count":1,"href":"https:\/\/portaldeyoung.uy\/index.php\/wp-json\/wp\/v2\/posts\/1653\/revisions"}],"predecessor-version":[{"id":1654,"href":"https:\/\/portaldeyoung.uy\/index.php\/wp-json\/wp\/v2\/posts\/1653\/revisions\/1654"}],"wp:featuredmedia":[{"embeddable":true,"href":"https:\/\/portaldeyoung.uy\/index.php\/wp-json\/wp\/v2\/media\/607"}],"wp:attachment":[{"href":"https:\/\/portaldeyoung.uy\/index.php\/wp-json\/wp\/v2\/media?parent=1653"}],"wp:term":[{"taxonomy":"category","embeddable":true,"href":"https:\/\/portaldeyoung.uy\/index.php\/wp-json\/wp\/v2\/categories?post=1653"},{"taxonomy":"post_tag","embeddable":true,"href":"https:\/\/portaldeyoung.uy\/index.php\/wp-json\/wp\/v2\/tags?post=1653"}],"curies":[{"name":"wp","href":"https:\/\/api.w.org\/{rel}","templated":true}]}}