{"id":1646,"date":"2025-07-23T11:36:32","date_gmt":"2025-07-23T11:36:32","guid":{"rendered":"https:\/\/portaldeyoung.uy\/?p=1646"},"modified":"2025-07-23T11:38:19","modified_gmt":"2025-07-23T11:38:19","slug":"explosiones-y-estruendos-de-madrugada-alertaron-a-vecinos-de-la-zona-industrial-de-paysandu","status":"publish","type":"post","link":"https:\/\/portaldeyoung.uy\/index.php\/2025\/07\/23\/explosiones-y-estruendos-de-madrugada-alertaron-a-vecinos-de-la-zona-industrial-de-paysandu\/","title":{"rendered":"Explosiones y estruendos de madrugada alertaron a vecinos de la zona industrial de Paysand\u00fa"},"content":{"rendered":"\n<p>Una extensa \u00e1rea del <strong>noroeste de Paysand\u00fa<\/strong>, especialmente en la <strong>zona industrial<\/strong>, fue sorprendida en la madrugada de este lunes por <strong>estruendos y explosiones<\/strong> que alarmaron a los vecinos. Los sonidos, que incluyeron <strong>silbidos y ruidos intermitentes<\/strong>, se hicieron m\u00e1s notorios por el <strong>silencio caracter\u00edstico de esa hora<\/strong>, generando una r\u00e1pida reacci\u00f3n en redes sociales, donde comenzaron a circular <strong>especulaciones sobre su origen<\/strong>.<\/p>\n\n\n\n<p>Con el correr de los minutos, se pudo confirmar que se trat\u00f3 de una <strong>operativa habitual en la usina el\u00e9ctrica de Azucarlito<\/strong>, vinculada al <strong>funcionamiento de sus calderas industriales<\/strong>.<\/p>\n\n\n\n<p>Los sonidos siguieron un patr\u00f3n que permiti\u00f3 identificar un <strong>proceso de liberaci\u00f3n de vapor<\/strong>: primero se o\u00eda el funcionamiento de la <strong>turbina el\u00e9ctrica alimentada por vapor a alta presi\u00f3n<\/strong>; luego, un <strong>silbido constante<\/strong>, semejante a una p\u00e9rdida de gas, y finalmente un <strong>estampido violento<\/strong> al abrirse la <strong>v\u00e1lvula de alivio<\/strong>, generando un <strong>ruido prolongado<\/strong> similar al de un tornado, que duraba entre dos y tres minutos.<\/p>\n\n\n\n<p>El <strong>director gerente de Azucarlito, Ing. Miguel Fraschini<\/strong>, explic\u00f3 que se trat\u00f3 de una <strong>prueba exigida por la Unidad Reguladora de los Servicios de Energ\u00eda y Agua (Ursea)<\/strong>, que debe realizarse <strong>cada dos a\u00f1os<\/strong>.<\/p>\n\n\n\n<p>\u201c<strong>La prueba sali\u00f3 bien, dentro de los est\u00e1ndares establecidos<\/strong>\u201d, asegur\u00f3. Aunque se hab\u00eda planificado para un horario menos molesto, <strong>inconvenientes t\u00e9cnicos demoraron el inicio<\/strong>, que debi\u00f3 realizarse en horas de la noche, con los t\u00e9cnicos del organismo ya presentes.<\/p>\n\n\n\n<p>Durante la prueba, realizada en vac\u00edo, se gener\u00f3 <strong>una acumulaci\u00f3n de vapor superior a la habitual<\/strong>, lo que deriv\u00f3 en los fuertes ruidos y <strong>algunas peque\u00f1as explosiones controladas<\/strong> durante el venteado de la caldera.<\/p>\n\n\n\n<p>La empresa reiter\u00f3 que se trat\u00f3 de una <strong>maniobra segura y supervisada<\/strong>, y pidi\u00f3 disculpas por las molestias causadas.<\/p>\n\n\n\n<p><em>*El Tel\u00e9grafo<\/em><\/p>\n","protected":false},"excerpt":{"rendered":"<p>Una extensa \u00e1rea del noroeste de Paysand\u00fa, especialmente en la zona industrial, fue sorprendida en la madrugada de este lunes por estruendos y explosiones que<\/p>\n","protected":false},"author":1,"featured_media":1648,"comment_status":"open","ping_status":"open","sticky":false,"template":"","format":"standard","meta":{"advgb_blocks_editor_width":"","advgb_blocks_columns_visual_guide":"","footnotes":"","jetpack_publicize_message":"","jetpack_publicize_feature_enabled":true,"jetpack_social_post_already_shared":true,"jetpack_social_options":{"image_generator_settings":{"template":"highway","default_image_id":0,"font":"","enabled":false},"version":2}},"categories":[7],"tags":[],"class_list":["post-1646","post","type-post","status-publish","format-standard","has-post-thumbnail","hentry","category-del-pais"],"author_meta":{"display_name":"Portal","author_link":"https:\/\/portaldeyoung.uy\/index.php\/author\/admin_port\/"},"featured_img":"https:\/\/portaldeyoung.uy\/wp-content\/uploads\/2025\/07\/azucarlitos-300x169.jpg","jetpack_publicize_connections":[],"coauthors":[],"tax_additional":{"categories":{"linked":["<a href=\"https:\/\/portaldeyoung.uy\/index.php\/category\/del-pais\/\" class=\"advgb-post-tax-term\">Del pa\u00eds<\/a>"],"unlinked":["<span class=\"advgb-post-tax-term\">Del pa\u00eds<\/span>"]}},"comment_count":"0","relative_dates":{"created":"Publicado 9 meses hace","modified":"Actualizado 9 meses hace"},"absolute_dates":{"created":"Publicado el julio 23, 2025","modified":"Actualizado el julio 23, 2025"},"absolute_dates_time":{"created":"Publicado el julio 23, 2025 11:36 am","modified":"Actualizado el julio 23, 2025 11:38 am"},"featured_img_caption":"Liberaci\u00f3n violenta de vapor alert\u00f3 a vecinos de la zona industrial","series_order":"","_links":{"self":[{"href":"https:\/\/portaldeyoung.uy\/index.php\/wp-json\/wp\/v2\/posts\/1646","targetHints":{"allow":["GET"]}}],"collection":[{"href":"https:\/\/portaldeyoung.uy\/index.php\/wp-json\/wp\/v2\/posts"}],"about":[{"href":"https:\/\/portaldeyoung.uy\/index.php\/wp-json\/wp\/v2\/types\/post"}],"author":[{"embeddable":true,"href":"https:\/\/portaldeyoung.uy\/index.php\/wp-json\/wp\/v2\/users\/1"}],"replies":[{"embeddable":true,"href":"https:\/\/portaldeyoung.uy\/index.php\/wp-json\/wp\/v2\/comments?post=1646"}],"version-history":[{"count":2,"href":"https:\/\/portaldeyoung.uy\/index.php\/wp-json\/wp\/v2\/posts\/1646\/revisions"}],"predecessor-version":[{"id":1649,"href":"https:\/\/portaldeyoung.uy\/index.php\/wp-json\/wp\/v2\/posts\/1646\/revisions\/1649"}],"wp:featuredmedia":[{"embeddable":true,"href":"https:\/\/portaldeyoung.uy\/index.php\/wp-json\/wp\/v2\/media\/1648"}],"wp:attachment":[{"href":"https:\/\/portaldeyoung.uy\/index.php\/wp-json\/wp\/v2\/media?parent=1646"}],"wp:term":[{"taxonomy":"category","embeddable":true,"href":"https:\/\/portaldeyoung.uy\/index.php\/wp-json\/wp\/v2\/categories?post=1646"},{"taxonomy":"post_tag","embeddable":true,"href":"https:\/\/portaldeyoung.uy\/index.php\/wp-json\/wp\/v2\/tags?post=1646"}],"curies":[{"name":"wp","href":"https:\/\/api.w.org\/{rel}","templated":true}]}}