{"id":1545,"date":"2025-07-21T14:13:59","date_gmt":"2025-07-21T14:13:59","guid":{"rendered":"https:\/\/portaldeyoung.uy\/?p=1545"},"modified":"2025-07-21T14:14:03","modified_gmt":"2025-07-21T14:14:03","slug":"intendencia-de-montevideo-clausuro-juego-del-gusano-manzana-del-parque-rodo-tras-accidente","status":"publish","type":"post","link":"https:\/\/portaldeyoung.uy\/index.php\/2025\/07\/21\/intendencia-de-montevideo-clausuro-juego-del-gusano-manzana-del-parque-rodo-tras-accidente\/","title":{"rendered":"Intendencia de Montevideo clausur\u00f3 juego del Gusano Manzana del Parque Rod\u00f3 tras accidente"},"content":{"rendered":"\n<p>Un ni\u00f1o de dos a\u00f1os permanece en CTI pedi\u00e1trico tras caer el s\u00e1bado, su padre tambi\u00e9n result\u00f3 lesionado.<\/p>\n\n\n\n<p>La Intendencia de Montevideo clausur\u00f3 preventivamente el juego del Gusano Manzana del Parque Rod\u00f3 tras el accidente del s\u00e1bado, donde un ni\u00f1o de dos a\u00f1os y su padre cayeron del mismo y resultaron lesionados con varios traumatismos.<\/p>\n\n\n\n<p>Seg\u00fan inform\u00f3 la Intendencia de Montevideo mediante un comunicado, el cierre de la atracci\u00f3n se mantendr\u00e1 hasta que se aclaren las \u00abcircunstancias\u00bb que llevaron al incidente y se completen las pericias correspondientes.<\/p>\n\n\n\n<p>De acuerdo al comunicado, \u00abapenas\u00bb se conoci\u00f3 el hecho, el equipo de Convivencia Departamental asisti\u00f3 al lugar y comprob\u00f3 que el juego involucrado contaba con la habilitaci\u00f3n \u00abvigente\u00bb, de acuerdo a la normativa municipal.<\/p>\n\n\n\n<p>El caso se encuentra en la \u00f3rbita de la Justicia y la intendencia capitalina se mantiene a disposici\u00f3n de Fiscal\u00eda para \u00abcolaborar\u00bb en todo lo que se requiera.<\/p>\n\n\n\n<p>Testigos del hecho dijeron que el ni\u00f1o de dos a\u00f1os se zaf\u00f3 de la seguridad de la atracci\u00f3n y cay\u00f3. Ante eso, su padre, de 67 a\u00f1os, tambi\u00e9n se quit\u00f3 la seguridad y sali\u00f3 despedido.<\/p>\n\n\n\n<p>Ambos fueron derivados a centros de salud y el ni\u00f1o permanece en CTI pedi\u00e1trico.<\/p>\n\n\n\n<p><em>*Medios Publicos &#8211; Foto: Ricardo Ant\u00fanez \/ AdhocFOTOS<\/em><\/p>\n","protected":false},"excerpt":{"rendered":"<p>Un ni\u00f1o de dos a\u00f1os permanece en CTI pedi\u00e1trico tras caer el s\u00e1bado, su padre tambi\u00e9n result\u00f3 lesionado. La Intendencia de Montevideo clausur\u00f3 preventivamente el<\/p>\n","protected":false},"author":1,"featured_media":1546,"comment_status":"open","ping_status":"open","sticky":false,"template":"","format":"standard","meta":{"advgb_blocks_editor_width":"","advgb_blocks_columns_visual_guide":"","footnotes":"","jetpack_publicize_message":"","jetpack_publicize_feature_enabled":true,"jetpack_social_post_already_shared":true,"jetpack_social_options":{"image_generator_settings":{"template":"highway","default_image_id":0,"font":"","enabled":false},"version":2}},"categories":[7],"tags":[],"class_list":["post-1545","post","type-post","status-publish","format-standard","has-post-thumbnail","hentry","category-del-pais"],"author_meta":{"display_name":"Portal","author_link":"https:\/\/portaldeyoung.uy\/index.php\/author\/admin_port\/"},"featured_img":"https:\/\/portaldeyoung.uy\/wp-content\/uploads\/2025\/07\/gusano-loco-300x154.png","jetpack_publicize_connections":[],"coauthors":[],"tax_additional":{"categories":{"linked":["<a href=\"https:\/\/portaldeyoung.uy\/index.php\/category\/del-pais\/\" class=\"advgb-post-tax-term\">Del pa\u00eds<\/a>"],"unlinked":["<span class=\"advgb-post-tax-term\">Del pa\u00eds<\/span>"]}},"comment_count":"0","relative_dates":{"created":"Publicado 9 meses hace","modified":"Actualizado 9 meses hace"},"absolute_dates":{"created":"Publicado el julio 21, 2025","modified":"Actualizado el julio 21, 2025"},"absolute_dates_time":{"created":"Publicado el julio 21, 2025 2:13 pm","modified":"Actualizado el julio 21, 2025 2:14 pm"},"featured_img_caption":"","series_order":"","_links":{"self":[{"href":"https:\/\/portaldeyoung.uy\/index.php\/wp-json\/wp\/v2\/posts\/1545","targetHints":{"allow":["GET"]}}],"collection":[{"href":"https:\/\/portaldeyoung.uy\/index.php\/wp-json\/wp\/v2\/posts"}],"about":[{"href":"https:\/\/portaldeyoung.uy\/index.php\/wp-json\/wp\/v2\/types\/post"}],"author":[{"embeddable":true,"href":"https:\/\/portaldeyoung.uy\/index.php\/wp-json\/wp\/v2\/users\/1"}],"replies":[{"embeddable":true,"href":"https:\/\/portaldeyoung.uy\/index.php\/wp-json\/wp\/v2\/comments?post=1545"}],"version-history":[{"count":1,"href":"https:\/\/portaldeyoung.uy\/index.php\/wp-json\/wp\/v2\/posts\/1545\/revisions"}],"predecessor-version":[{"id":1547,"href":"https:\/\/portaldeyoung.uy\/index.php\/wp-json\/wp\/v2\/posts\/1545\/revisions\/1547"}],"wp:featuredmedia":[{"embeddable":true,"href":"https:\/\/portaldeyoung.uy\/index.php\/wp-json\/wp\/v2\/media\/1546"}],"wp:attachment":[{"href":"https:\/\/portaldeyoung.uy\/index.php\/wp-json\/wp\/v2\/media?parent=1545"}],"wp:term":[{"taxonomy":"category","embeddable":true,"href":"https:\/\/portaldeyoung.uy\/index.php\/wp-json\/wp\/v2\/categories?post=1545"},{"taxonomy":"post_tag","embeddable":true,"href":"https:\/\/portaldeyoung.uy\/index.php\/wp-json\/wp\/v2\/tags?post=1545"}],"curies":[{"name":"wp","href":"https:\/\/api.w.org\/{rel}","templated":true}]}}