{"id":1507,"date":"2025-07-17T11:49:15","date_gmt":"2025-07-17T11:49:15","guid":{"rendered":"https:\/\/portaldeyoung.uy\/?p=1507"},"modified":"2025-07-17T11:49:18","modified_gmt":"2025-07-17T11:49:18","slug":"el-gobierno-lanzo-el-dialogo-social-un-proceso-que-no-sera-corto-pero-que-debe-ser-profundamente-transformador","status":"publish","type":"post","link":"https:\/\/portaldeyoung.uy\/index.php\/2025\/07\/17\/el-gobierno-lanzo-el-dialogo-social-un-proceso-que-no-sera-corto-pero-que-debe-ser-profundamente-transformador\/","title":{"rendered":"El gobierno lanz\u00f3 el di\u00e1logo social: \u201cUn proceso que no ser\u00e1 corto, pero que debe ser profundamente transformador\u201d"},"content":{"rendered":"\n<p>De la oposici\u00f3n asistieron dirigentes de Cabildo Abierto y el intendente nacionalista de Paysand\u00fa; trabajadores y jubilados pretenden que haya una revisi\u00f3n del esquema de financiamiento del sistema previsional.<\/p>\n\n\n\n<p>Con la participaci\u00f3n del presidente Yamand\u00fa Orsi, y casi sin representantes de la oposici\u00f3n, el gobierno lanz\u00f3 este mi\u00e9rcoles de manera oficial el di\u00e1logo sobre protecci\u00f3n y seguridad social. La mayor\u00eda de los ministros, dirigentes sindicales y empresariales y tambi\u00e9n legisladores oficialistas estuvieron presentes en el Auditorio del Sodre para escuchar, en primer lugar, al asesor de la Oficina de Planeamiento y Presupuesto (OPP) y coordinador del di\u00e1logo social, Hugo Bai.<\/p>\n\n\n\n<p>\u201cHoy damos el primer paso de un proceso que no ser\u00e1 corto, pero que debe ser profundamente transformador\u201d, afirm\u00f3 Bai. Durante su discurso, el asesor de la OPP abog\u00f3 reiteradamente por alcanzar \u201clos acuerdos m\u00e1s amplios posibles\u201d, aunque \u201csin negar nuestras diferencias\u201d. \u201cHoy, frente a los desaf\u00edos que nos plantea el presente, y con la mirada puesta en las pr\u00f3ximas d\u00e9cadas, abrimos este di\u00e1logo social para imaginar juntos y juntas el pa\u00eds al que queremos llegar\u201d, manifest\u00f3.<\/p>\n\n\n\n<p>De forma inesperada, la apertura a cargo de Bai debi\u00f3 retrasarse algunos segundos debido a la irrupci\u00f3n de un individuo que, de pie en una de las bandejas del auditorio, acus\u00f3 a las principales autoridades del gobierno de \u201ctraicionar al pueblo\u201d, porque en el plebiscito sobre seguridad social del a\u00f1o pasado \u201cmandaron a votar el No\u201d. La diatriba tambi\u00e9n incluy\u00f3 cr\u00edticas al \u201csionismo\u201d y la \u201coligarqu\u00eda financiera internacional\u201d.<\/p>\n\n\n\n<p>Una vez finalizado el episodio, Bai se\u00f1al\u00f3 que, si bien \u201ces ambiciosa y exigente\u201d, la agenda del di\u00e1logo social tiene \u201cplazos acotados\u201d. Seg\u00fan establece la hoja de ruta elaborada por el Poder Ejecutivo, el proceso culminar\u00e1 el 30 de abril de 2026.<\/p>\n\n\n\n<p>La Comisi\u00f3n Ejecutiva del di\u00e1logo social, que re\u00fane a los representantes del gobierno, los partidos pol\u00edticos y las organizaciones sociales, deber\u00e1 presentar en esa fecha un documento final que, seg\u00fan explic\u00f3 Bai, \u201cser\u00e1 un insumo para que el Poder Ejecutivo presente los proyectos de ley que entienda pertinentes y para que el Parlamento, \u00e1mbito insustituible de representaci\u00f3n de la ciudadan\u00eda, los mejore y los transforme en ley para mejorar la calidad de vida de la gente\u201d.<\/p>\n\n\n\n<p>Bai recalc\u00f3 que el di\u00e1logo social \u201cno es un \u00e1mbito resolutivo\u201d, sino \u201cun espacio para que gobiernos, partidos pol\u00edticos y actores sociales intercambien sobre la matriz de protecci\u00f3n social que el pa\u00eds necesita de cara al futuro y a partir de eso podamos acordar cambios con la mayor legitimidad social posible\u201d.<\/p>\n\n\n\n<p>La hoja de ruta establece cuatro ejes principales: el combate a la pobreza infantil, la consolidaci\u00f3n del Sistema Nacional Integrado de Cuidados, la protecci\u00f3n a los activos y la revisi\u00f3n del r\u00e9gimen de jubilaciones y pensiones. Este \u00faltimo punto ha sido cuestionado especialmente por la oposici\u00f3n, que sostiene que \u201cel tema ya est\u00e1 laudado\u201d tras la aprobaci\u00f3n de la reforma jubilatoria en 2023 y el fracaso del plebiscito sobre seguridad social en 2024. Orsi recibir\u00e1 este jueves en la Torre Ejecutiva a las autoridades del Partido Nacional, el Partido Colorado y el Partido Independiente \u2013que se han negado a participar en el di\u00e1logo social\u2013 para conversar al respecto.<\/p>\n\n\n\n<p>Consultado por la prensa al cierre del lanzamiento, Orsi manifest\u00f3: \u201cYo voy a insistir siempre en dialogar, dialogar, dialogar, y me consta que vamos a tener una buena respuesta\u201d. El presidente se\u00f1al\u00f3 que \u201cla idea es generar un abanico muy amplio de posibilidades\u201d y apunt\u00f3 que, en cualquier caso, las definiciones en materia de seguridad social se tomar\u00e1n en el Parlamento, \u201cque es el central\u201d.<\/p>\n\n\n\n<p>En l\u00ednea con Orsi se expres\u00f3 el director de la OPP, Rodrigo Arim, durante el lanzamiento. \u201cEn este espacio habr\u00e1 di\u00e1logo, se buscar\u00e1n acuerdos, pero, por supuesto, no habr\u00e1 decisiones ni votaciones\u201d, subray\u00f3, en referencia a otro de los cuestionamientos de la oposici\u00f3n, que ha sido el n\u00famero de representantes de los partidos pol\u00edticos en la Comisi\u00f3n Ejecutiva.<\/p>\n\n\n\n<p>Arim afirm\u00f3 que, \u201cen un mundo donde las estridencias sustituyen a los argumentos\u201d, Uruguay \u201cdebe cuidar y preservar ese acervo que tenemos y que nos distingue\u201d, esto es, \u201cla capacidad de encuentro en las diferencias, de evitar la confrontaci\u00f3n pueril, de sostener puentes de encuentro entre todos los actores, de discutir con firmeza conceptual y ser capaces de plasmar acuerdos de convergencia\u201d.<\/p>\n\n\n\n<p>Tras el lanzamiento, la primera parte del di\u00e1logo social consistir\u00e1 en una etapa de \u201crecopilaci\u00f3n de insumos\u201d. Bajo la coordinaci\u00f3n de la OPP, el gobierno tiene previsto organizar en los 19 departamentos del pa\u00eds una serie de conversatorios y seminarios, de participaci\u00f3n abierta, entre agosto y noviembre de este a\u00f1o.<\/p>\n\n\n\n<p>Asimismo, la Comisi\u00f3n Ejecutiva llevar\u00e1 a cabo m\u00faltiples reuniones con organizaciones de la sociedad civil. Tambi\u00e9n se prev\u00e9 que la ciudadan\u00eda haga sus aportes a trav\u00e9s de <a href=\"https:\/\/dialogosocial.uy\/\">la p\u00e1gina web oficial del di\u00e1logo social<\/a>, que qued\u00f3 disponible este mismo mi\u00e9rcoles. La Universidad de la Rep\u00fablica, en tanto, tendr\u00e1 a su cargo la sistematizaci\u00f3n de todos los insumos recibidos.<\/p>\n\n\n\n<h3 class=\"wp-block-heading\">Nicol\u00e1s Olivera: las intendencias tienen \u00abmucho para aportar\u00bb<\/h3>\n\n\n\n<p>Asistieron al lanzamiento del di\u00e1logo social, entre otros, el presidente de la C\u00e1mara de Comercio y Servicios, Julio C\u00e9sar Lestido, el secretario general del PIT-CNT, Jos\u00e9 Lorenzo L\u00f3pez, y el expresidente de la Confederaci\u00f3n de C\u00e1maras Empresariales Diego O\u2019Neill. Tambi\u00e9n estuvo presente el presidente de Cabildo Abierto, Guido Manini R\u00edos, acompa\u00f1ado por el diputado cabildante \u00c1lvaro Perrone.<\/p>\n\n\n\n<p>Por el Partido Nacional marc\u00f3 presencia \u2013pr\u00e1cticamente en solitario\u2013 el intendente de Paysand\u00fa, Nicol\u00e1s Olivera. \u201c\u00bfPor qu\u00e9 decid\u00ed venir? Porque me invitaron como intendente y yo soy intendente de Paysand\u00fa, intendente de la gente blanca, de los colorados, de los frenteamplistas y de los sin partido, hoy gobierno para todos\u201d, dijo a <em>la diaria<\/em>.<\/p>\n\n\n\n<p>Olivera sostuvo que los gobiernos departamentales tienen \u201cmucho para aportar\u201d en el di\u00e1logo social. Se\u00f1al\u00f3 que \u201chay organismos nacionales que tienen recursos que capaz que no aterrizan debidamente en el territorio\u201d, por ejemplo, \u201cen el tema de la gurisada, las adicciones, las trayectorias educativas\u201d, en definitiva, \u201cun mont\u00f3n de cosas que creo que no es solamente el tema jubilatorio\u201d.<\/p>\n\n\n\n<p>Consultado sobre la posici\u00f3n de su partido, Olivera dijo que \u201ceso est\u00e1 en manos de la autoridad partidaria\u201d. No obstante, se\u00f1al\u00f3 que \u201cma\u00f1ana [por el jueves] los recibe el presidente Orsi\u201d. \u201cReci\u00e9n estuve con Yamand\u00fa, los va a recibir, o sea que de cierta forma va a haber di\u00e1logo sobre muchos temas\u201d, expres\u00f3.<\/p>\n\n\n\n<h3 class=\"wp-block-heading\">Los principales planteos de los trabajadores y los jubilados<\/h3>\n\n\n\n<p>En di\u00e1logo con <em>la diaria<\/em>, Carlos Clavijo, uno de los representantes del PIT-CNT en la Comisi\u00f3n Ejecutiva, se\u00f1al\u00f3 que la central sindical colocar\u00e1 en el di\u00e1logo social \u201clos tres puntos que fueron al plebiscito\u201d, as\u00ed como \u201clos temas de cuidados, discapacidad y primera infancia\u201d. \u201cPero fundamentalmente lo que estamos planteando es el financiamiento de la seguridad social\u201d, resalt\u00f3.<\/p>\n\n\n\n<p>Clavijo sostuvo que \u201csin financiamiento no podemos proteger ni cubrir las necesidades de la gente\u201d. \u201cSabemos que va a ser el punto m\u00e1s dif\u00edcil, pero si no discutimos el financiamiento de la seguridad social va a estar muy dif\u00edcil lograr cambios sustanciales\u201d, advirti\u00f3.<\/p>\n\n\n\n<p>Por otra parte, Clavijo adelant\u00f3 que el PIT-CNT plantear\u00e1 en el di\u00e1logo social que haya una sustituci\u00f3n gradual de los aportes patronales por un impuesto sobre la renta. \u201cDesde el gobierno se dice que no se van a crear m\u00e1s impuestos, y ah\u00ed es donde est\u00e1 la confusi\u00f3n con nuestro planteo. Nosotros decimos <em>sustituir<\/em> el aporte patronal, que hoy es fijo, de un 7,5%, por un aporte basado en la renta\u201d, expres\u00f3. Este cambio, sostuvo, permitir\u00e1 que el esquema de financiaci\u00f3n del sistema previsional sea \u201cm\u00e1s equitativo\u201d.<\/p>\n\n\n\n<p>\u201cSeg\u00fan las ganancias que tengas es lo que vas a aportar. Eso significa que los peque\u00f1os y medianos comerciantes van a contribuir mucho menos, porque tienen pocas ganancias, pero aquellos que tienen mayores ganancias van a contribuir m\u00e1s a la seguridad social\u201d, resalt\u00f3 Clavijo.<\/p>\n\n\n\n<p>La Organizaci\u00f3n Nacional de Asociaciones de Jubilados y Pensionistas del Uruguay (Onajpu) tambi\u00e9n plantear\u00e1 en el di\u00e1logo social que haya una revisi\u00f3n de \u201cla sostenibilidad del sistema\u201d. Su representante en la Comisi\u00f3n Ejecutiva, Estela Ovelar, dijo a <em>la diaria<\/em> que esperan que \u201cse pongan sobre la mesa las exoneraciones\u201d del r\u00e9gimen vigente, al igual que \u201clos cambios en la forma de trabajo\u201d, porque actualmente \u201chay m\u00e1quinas que han sustituido a personas y eso hoy no tributa\u201d.<\/p>\n\n\n\n<p>Onajpu tambi\u00e9n plantear\u00e1 inquietudes en torno al sistema de cuidados, \u201clas demoras en salud\u201d y la pobreza infantil. \u201cEstamos a favor, como siempre, de una seguridad social solidaria y sin lucro. No estamos en contra del ahorro individual, pero que sea sin lucro, eso es fundamental\u201d, agreg\u00f3 Ovelar.<\/p>\n\n\n\n<p>Por su parte, la representante de la Plataforma Infancias y Adolescencias (PIAS) en la Comisi\u00f3n Ejecutiva, Paula Baleato, dijo a <em>la diaria<\/em> que la organizaci\u00f3n plantear\u00e1 especialmente su preocupaci\u00f3n sobre \u201clos temas de la pobreza infantil, que tienen que ver con la situaci\u00f3n de las familias con ni\u00f1os y adolescentes a cargo\u201d.<\/p>\n\n\n\n<p>Baleato se\u00f1al\u00f3 que en el di\u00e1logo social \u201cse va a estar discutiendo todo lo que tiene que ver con la pobreza monetaria de las infancias y las adolescencias\u201d; en tal sentido, asegur\u00f3 que \u201chay bastante trabajo para hacer en relaci\u00f3n con poder unificar un mont\u00f3n de prestaciones que hoy est\u00e1n dispersas\u201d, as\u00ed como \u201canalizar las condicionalidades, es decir, lo que les pedimos a cambio a esas familias para recibir esas prestaciones\u201d.<\/p>\n\n\n\n<h3 class=\"wp-block-heading\">\u00bfQui\u00e9nes integran la Comisi\u00f3n Ejecutiva del di\u00e1logo social?<\/h3>\n\n\n\n<p>Por el momento, sin la participaci\u00f3n de blancos, colorados, independientes e Identidad Soberana, la Comisi\u00f3n Ejecutiva del di\u00e1logo social est\u00e1 integrada por 18 representantes. Los seis del gobierno son Hugo Bai (OPP), Jimena Pardo (Banco de Previsi\u00f3n Social), Ariel Cancio (Ministerio de Econom\u00eda y Finanzas), Leonardo Di Dom\u00e9nico (Ministerio de Trabajo y Seguridad Social), Nicol\u00e1s Lasa (Ministerio de Desarrollo Social) y Rodrigo M\u00e1rquez (Ministerio de Salud P\u00fablica).<\/p>\n\n\n\n<p>Los cuatro representantes de los partidos pol\u00edticos son la diputada Sol Maneiro, el dirigente sindical Miguel Heredia y la militante independiente Andrea Colla, por el Frente Amplio; y el contador Marcos Rodr\u00edguez de Almeida, por Cabildo Abierto.<\/p>\n\n\n\n<p>En cuanto a las organizaciones sociales, el PIT-CNT present\u00f3 como representantes a Carlos Clavijo y Nathalie Barb\u00e9; las c\u00e1maras empresariales, al economista Gustavo Michelin y al abogado Leonardo Slinger; las cuatro representantes restantes son Estela Ovelar (Onajpu), Paula Baleato (PIAS), Margarita Percovich (Red Pro Cuidados) y Silvia Areosa (Alianza por los Derechos de las Personas con Discapacidad).<\/p>\n\n\n\n<p><em>*La Diaria &#8211; Foto: Hugo de Le\u00f3n<\/em><\/p>\n","protected":false},"excerpt":{"rendered":"<p>De la oposici\u00f3n asistieron dirigentes de Cabildo Abierto y el intendente nacionalista de Paysand\u00fa; trabajadores y jubilados pretenden que haya una revisi\u00f3n del esquema de<\/p>\n","protected":false},"author":1,"featured_media":1508,"comment_status":"open","ping_status":"open","sticky":false,"template":"","format":"standard","meta":{"advgb_blocks_editor_width":"","advgb_blocks_columns_visual_guide":"","footnotes":"","jetpack_publicize_message":"","jetpack_publicize_feature_enabled":true,"jetpack_social_post_already_shared":true,"jetpack_social_options":{"image_generator_settings":{"template":"highway","default_image_id":0,"font":"","enabled":false},"version":2}},"categories":[7],"tags":[],"class_list":["post-1507","post","type-post","status-publish","format-standard","has-post-thumbnail","hentry","category-del-pais"],"author_meta":{"display_name":"Portal","author_link":"https:\/\/portaldeyoung.uy\/index.php\/author\/admin_port\/"},"featured_img":"https:\/\/portaldeyoung.uy\/wp-content\/uploads\/2025\/07\/dialogo-social-300x200.jpg","jetpack_publicize_connections":[],"coauthors":[],"tax_additional":{"categories":{"linked":["<a href=\"https:\/\/portaldeyoung.uy\/index.php\/category\/del-pais\/\" class=\"advgb-post-tax-term\">Del pa\u00eds<\/a>"],"unlinked":["<span class=\"advgb-post-tax-term\">Del pa\u00eds<\/span>"]}},"comment_count":"0","relative_dates":{"created":"Publicado 10 meses hace","modified":"Actualizado 10 meses hace"},"absolute_dates":{"created":"Publicado el julio 17, 2025","modified":"Actualizado el julio 17, 2025"},"absolute_dates_time":{"created":"Publicado el julio 17, 2025 11:49 am","modified":"Actualizado el julio 17, 2025 11:49 am"},"featured_img_caption":"","series_order":"","_links":{"self":[{"href":"https:\/\/portaldeyoung.uy\/index.php\/wp-json\/wp\/v2\/posts\/1507","targetHints":{"allow":["GET"]}}],"collection":[{"href":"https:\/\/portaldeyoung.uy\/index.php\/wp-json\/wp\/v2\/posts"}],"about":[{"href":"https:\/\/portaldeyoung.uy\/index.php\/wp-json\/wp\/v2\/types\/post"}],"author":[{"embeddable":true,"href":"https:\/\/portaldeyoung.uy\/index.php\/wp-json\/wp\/v2\/users\/1"}],"replies":[{"embeddable":true,"href":"https:\/\/portaldeyoung.uy\/index.php\/wp-json\/wp\/v2\/comments?post=1507"}],"version-history":[{"count":1,"href":"https:\/\/portaldeyoung.uy\/index.php\/wp-json\/wp\/v2\/posts\/1507\/revisions"}],"predecessor-version":[{"id":1509,"href":"https:\/\/portaldeyoung.uy\/index.php\/wp-json\/wp\/v2\/posts\/1507\/revisions\/1509"}],"wp:featuredmedia":[{"embeddable":true,"href":"https:\/\/portaldeyoung.uy\/index.php\/wp-json\/wp\/v2\/media\/1508"}],"wp:attachment":[{"href":"https:\/\/portaldeyoung.uy\/index.php\/wp-json\/wp\/v2\/media?parent=1507"}],"wp:term":[{"taxonomy":"category","embeddable":true,"href":"https:\/\/portaldeyoung.uy\/index.php\/wp-json\/wp\/v2\/categories?post=1507"},{"taxonomy":"post_tag","embeddable":true,"href":"https:\/\/portaldeyoung.uy\/index.php\/wp-json\/wp\/v2\/tags?post=1507"}],"curies":[{"name":"wp","href":"https:\/\/api.w.org\/{rel}","templated":true}]}}