{"id":1500,"date":"2025-07-16T20:51:39","date_gmt":"2025-07-16T20:51:39","guid":{"rendered":"https:\/\/portaldeyoung.uy\/?p=1500"},"modified":"2025-07-17T20:46:49","modified_gmt":"2025-07-17T20:46:49","slug":"taller-el-aprendizaje-y-sus-tiempos-en-cady","status":"publish","type":"post","link":"https:\/\/portaldeyoung.uy\/index.php\/2025\/07\/16\/taller-el-aprendizaje-y-sus-tiempos-en-cady\/","title":{"rendered":"Taller \u00abEL APRENDIZAJE Y SUS TIEMPOS\u00bb en CADY"},"content":{"rendered":"\n<p>El Centro de Ayuda a la Discapacidad de Young invita a la comunidad al taller \u00abEL APRENDIZAJE Y SUS TIEMPOS\u00bb, que se llevar\u00e1 a cabo el viernes 25 de julio en su local ubicado en Rio Negro 3625, a las 18:00 horas.<\/p>\n\n\n\n<p>Este taller, enfocado en el aprendizaje y destinado a la compra de material did\u00e1ctico, requiere inscripci\u00f3n previa con un costo de $ 200. Las transferencias pueden realizarse a la cuenta BROU 001658876-00001 o mediante dep\u00f3sito en Redpagos, Dep. 061 cuenta: 0104528, a nombre del Centro de Ayuda a la Discapacidad de Young. Es necesario enviar el comprobante al 098 388 834 junto con nombre y apellido para completar la inscripci\u00f3n, adem\u00e1s de llenar un formulario que ser\u00e1 enviado posteriormente.<\/p>\n\n\n\n<p>Todos los participantes recibir\u00e1n un certificado al finalizar el taller.<\/p>\n\n\n\n<p>Para m\u00e1s informaci\u00f3n, contactar al Centro de Ayuda a la Discapacidad de Young.<\/p>\n\n\n\n<figure class=\"wp-block-image size-large\"><img loading=\"lazy\" decoding=\"async\" width=\"819\" height=\"1024\" src=\"https:\/\/portaldeyoung.uy\/wp-content\/uploads\/2025\/07\/CADY-819x1024.jpg\" alt=\"\" class=\"wp-image-1501\" srcset=\"https:\/\/portaldeyoung.uy\/wp-content\/uploads\/2025\/07\/CADY-819x1024.jpg 819w, https:\/\/portaldeyoung.uy\/wp-content\/uploads\/2025\/07\/CADY-240x300.jpg 240w, https:\/\/portaldeyoung.uy\/wp-content\/uploads\/2025\/07\/CADY-768x960.jpg 768w, https:\/\/portaldeyoung.uy\/wp-content\/uploads\/2025\/07\/CADY.jpg 1080w\" sizes=\"auto, (max-width: 819px) 100vw, 819px\" \/><\/figure>\n\n\n\n<hr class=\"wp-block-separator has-alpha-channel-opacity\"\/>\n","protected":false},"excerpt":{"rendered":"<p>El Centro de Ayuda a la Discapacidad de Young invita a la comunidad al taller \u00abEL APRENDIZAJE Y SUS TIEMPOS\u00bb, que se llevar\u00e1 a cabo<\/p>\n","protected":false},"author":1,"featured_media":1502,"comment_status":"open","ping_status":"open","sticky":false,"template":"","format":"standard","meta":{"advgb_blocks_editor_width":"","advgb_blocks_columns_visual_guide":"","footnotes":"","jetpack_publicize_message":"","jetpack_publicize_feature_enabled":true,"jetpack_social_post_already_shared":true,"jetpack_social_options":{"image_generator_settings":{"template":"highway","default_image_id":0,"font":"","enabled":false},"version":2}},"categories":[4],"tags":[],"class_list":["post-1500","post","type-post","status-publish","format-standard","has-post-thumbnail","hentry","category-de-aca"],"author_meta":{"display_name":"Portal","author_link":"https:\/\/portaldeyoung.uy\/index.php\/author\/admin_port\/"},"featured_img":"https:\/\/portaldeyoung.uy\/wp-content\/uploads\/2025\/07\/cady-portada-300x157.jpg","jetpack_publicize_connections":[],"coauthors":[],"tax_additional":{"categories":{"linked":["<a href=\"https:\/\/portaldeyoung.uy\/index.php\/category\/de-aca\/\" class=\"advgb-post-tax-term\">De ac\u00e1<\/a>"],"unlinked":["<span class=\"advgb-post-tax-term\">De ac\u00e1<\/span>"]}},"comment_count":"0","relative_dates":{"created":"Publicado 10 meses hace","modified":"Actualizado 10 meses hace"},"absolute_dates":{"created":"Publicado el julio 16, 2025","modified":"Actualizado el julio 17, 2025"},"absolute_dates_time":{"created":"Publicado el julio 16, 2025 8:51 pm","modified":"Actualizado el julio 17, 2025 8:46 pm"},"featured_img_caption":"","series_order":"","_links":{"self":[{"href":"https:\/\/portaldeyoung.uy\/index.php\/wp-json\/wp\/v2\/posts\/1500","targetHints":{"allow":["GET"]}}],"collection":[{"href":"https:\/\/portaldeyoung.uy\/index.php\/wp-json\/wp\/v2\/posts"}],"about":[{"href":"https:\/\/portaldeyoung.uy\/index.php\/wp-json\/wp\/v2\/types\/post"}],"author":[{"embeddable":true,"href":"https:\/\/portaldeyoung.uy\/index.php\/wp-json\/wp\/v2\/users\/1"}],"replies":[{"embeddable":true,"href":"https:\/\/portaldeyoung.uy\/index.php\/wp-json\/wp\/v2\/comments?post=1500"}],"version-history":[{"count":1,"href":"https:\/\/portaldeyoung.uy\/index.php\/wp-json\/wp\/v2\/posts\/1500\/revisions"}],"predecessor-version":[{"id":1503,"href":"https:\/\/portaldeyoung.uy\/index.php\/wp-json\/wp\/v2\/posts\/1500\/revisions\/1503"}],"wp:featuredmedia":[{"embeddable":true,"href":"https:\/\/portaldeyoung.uy\/index.php\/wp-json\/wp\/v2\/media\/1502"}],"wp:attachment":[{"href":"https:\/\/portaldeyoung.uy\/index.php\/wp-json\/wp\/v2\/media?parent=1500"}],"wp:term":[{"taxonomy":"category","embeddable":true,"href":"https:\/\/portaldeyoung.uy\/index.php\/wp-json\/wp\/v2\/categories?post=1500"},{"taxonomy":"post_tag","embeddable":true,"href":"https:\/\/portaldeyoung.uy\/index.php\/wp-json\/wp\/v2\/tags?post=1500"}],"curies":[{"name":"wp","href":"https:\/\/api.w.org\/{rel}","templated":true}]}}