{"id":1494,"date":"2025-07-16T20:25:38","date_gmt":"2025-07-16T20:25:38","guid":{"rendered":"https:\/\/portaldeyoung.uy\/?p=1494"},"modified":"2025-07-17T12:25:00","modified_gmt":"2025-07-17T12:25:00","slug":"el-maracanazo-75-anos-despues","status":"publish","type":"post","link":"https:\/\/portaldeyoung.uy\/index.php\/2025\/07\/16\/el-maracanazo-75-anos-despues\/","title":{"rendered":"El Maracanazo 75 a\u00f1os despu\u00e9s"},"content":{"rendered":"\n<p>As\u00ed lo recuerdan familiares de dos de los protagonistas de aquella gloriosa tarde.<\/p>\n\n\n\n<p>\u00bfCu\u00e1ntas personas silenciaron el estadio Maracan\u00e1 de R\u00edo de Janeiro? El uruguayo Alcides Edgardo Ghiggia dec\u00eda que solo tres: el papa, Frank Sinatra y \u00e9l.<\/p>\n\n\n\n<p>Con su gol, la Celeste sell\u00f3 la remontada por 1-2 frente a Brasil y el 16 de julio de 1950 escribi\u00f3 una de las p\u00e1ginas m\u00e1s importantes en la historia del f\u00fatbol al concretar el &#8216;Maracanazo&#8217;.<\/p>\n\n\n\n<p>Fue ante casi 200.000 personas en un partido que dej\u00f3 consecuencias de todo tipo en ambos pa\u00edses y que llev\u00f3 a Pel\u00e9 a confesar que ese d\u00eda vio a su padre llorar por primera vez.<\/p>\n\n\n\n<p>\u00a1Tu padre le gan\u00f3 a los brasile\u00f1os!<\/p>\n\n\n\n<p>Arcadio Ghiggia era solo un ni\u00f1o cuando su familia regres\u00f3 de Italia, donde \u00e9l hab\u00eda nacido. Entre 1954 y 1962 Alcides defendi\u00f3 all\u00ed los colores de Roma y Mil\u00e1n.<\/p>\n\n\n\n<figure class=\"wp-block-embed is-type-video is-provider-youtube wp-block-embed-youtube wp-embed-aspect-16-9 wp-has-aspect-ratio\"><div class=\"wp-block-embed__wrapper\">\n<iframe loading=\"lazy\" title=\"El Maracanazo de 1950: la \u00e9pica haza\u00f1a de Uruguay, contada por uruguayos y brasile\u00f1os\" width=\"640\" height=\"360\" src=\"https:\/\/www.youtube.com\/embed\/8baztTZxkQo?feature=oembed\" frameborder=\"0\" allow=\"accelerometer; autoplay; clipboard-write; encrypted-media; gyroscope; picture-in-picture; web-share\" referrerpolicy=\"strict-origin-when-cross-origin\" allowfullscreen><\/iframe>\n<\/div><\/figure>\n\n\n\n<p>\u00ab\u00a1Tu padre le gan\u00f3 a los brasile\u00f1os!\u00bb, le dec\u00edan sus compa\u00f1eros de la escuela en la que retom\u00f3 sus estudios cuando lleg\u00f3 al pa\u00eds sudamericano. \u00c9l no entend\u00eda nada.<\/p>\n\n\n\n<p>\u00abYo no sab\u00eda que era un Mundial, ni que era Maracan\u00e1. Cuando fui a casa habl\u00e9 con mam\u00e1, ella me sonri\u00f3 y me dijo: Hablalo con tu padre que te lo va a explicar mejor\u00bb, recuerda Arcadio en una entrevista con la Agencia EFE.<\/p>\n\n\n\n<p>\u00abFue un partido de f\u00fatbol en el que hice un gol y se gan\u00f3\u00bb, le respondi\u00f3 el h\u00e9roe del &#8216;Maracanazo&#8217; y no le dijo m\u00e1s nada. Con el tiempo habl\u00f3 much\u00edsimo m\u00e1s de ese tema con su padre, a quien define como una persona muy jovial, muy sincera y muy cari\u00f1osa.<\/p>\n\n\n\n<p>Arcadio asegura que ser hijo de Alcides Edgardo Ghiggia es f\u00e1cil por un lado: \u00abLo llevas como un estandarte y un orgullo por el padre que tuviste en la parte deportiva y tambi\u00e9n en la parte familiar (&#8230;) Yo nunca lo llev\u00e9 como un peso, al contrario, orgulloso de ser hijo de quien fue una leyenda del f\u00fatbol mundial\u00bb.<\/p>\n\n\n\n<p>No obstante, reconoce lo dif\u00edcil que es situaciones como -por ejemplo- cuando se practica el mismo deporte y de inmediato aparecen las comparaciones.<\/p>\n\n\n\n<p>El libro de Schiaffino<\/p>\n\n\n\n<p>Antes de que Ghiggia remontara el encuentro a los 79 minutos, Juan Alberto Schiaffino hab\u00eda marcado el empate para Uruguay a los 66 de tiempo corrido. En varias oportunidades, el futbolista reconoci\u00f3 que no hab\u00eda querido poner el bal\u00f3n en el lugar en el que ingres\u00f3, sino que hab\u00eda querido rematar al otro poste.<\/p>\n\n\n\n<p>Ra\u00fal Schiaffino, su sobrino, escuch\u00f3 much\u00edsimas veces esa an\u00e9cdota e indica en una entrevista con la Agencia EFE que su t\u00edo era un hombre \u00abmuy honesto y muy apegado a la verdad\u00bb. Tambi\u00e9n lo recuerda como una persona sumamente met\u00f3dica, ordenada, puntual y sistem\u00e1tica.<\/p>\n\n\n\n<p>Reconoce que ser familiar de uno de los h\u00e9roes del &#8216;Maracanazo&#8217; fue en alg\u00fan punto \u00abmuy dif\u00edcil\u00bb y recuerda que cuando era ni\u00f1o e iba a jugar al f\u00fatbol sent\u00eda la presi\u00f3n de todas las personas que sab\u00edan qui\u00e9n era. \u00abYo no jugaba mal, pero tampoco me destacaba. Esa presi\u00f3n la sent\u00ed y evit\u00e9 en varias oportunidades jugar al f\u00fatbol\u00bb, dice.<\/p>\n\n\n\n<p>Tambi\u00e9n recuerda que era muy chico cuando Juan Alberto retorn\u00f3 de Italia, donde en el per\u00edodo 1954-1962 defendi\u00f3 a Mil\u00e1n y Roma.<\/p>\n\n\n\n<p>\u00abEn la medida que fue pasando el tiempo me fui dando cuenta de la magnitud de lo que hab\u00eda sido el Maracan\u00e1 y de lo que hab\u00eda sido su trayectoria\u00bb, sostiene Ra\u00fal, quien siendo un ni\u00f1o pensaba su t\u00edo llegar\u00eda a ser famoso gracias a un libro que estaba escribiendo.<\/p>\n\n\n\n<p>Juan Alberto comenz\u00f3 a trabajar en ese manuscrito tras el final de su carrera como futbolista y concluy\u00f3 una primera parte en 1974. Luego le agreg\u00f3 an\u00e1lisis de los distintos Mundiales que se jugaron y lleg\u00f3 hasta el que se disput\u00f3 en Espa\u00f1a en el a\u00f1o 1982.<\/p>\n\n\n\n<p>Publicado reci\u00e9n en 2024, el libro &#8216;La memoria de Schiaffino&#8217; cuenta varios detalles del Mundial de 1950 y del \u00faltimo partido de ese torneo.<\/p>\n\n\n\n<p>Un &#8216;Maracanazo&#8217;<\/p>\n\n\n\n<p>Tanto Arcadio Ghiggia como Ra\u00fal Schiaffino no tienen dudas en garantizar que el &#8216;Maracanazo&#8217; es mucho m\u00e1s que un partido de f\u00fatbol. En Uruguay, el t\u00e9rmino trasciende a ese deporte.<\/p>\n\n\n\n<p>Arcardio aprendi\u00f3 con su padre que es \u00abde lo imposible hacer lo posible\u00bb. Agrega que lo ocurrido hace 75 a\u00f1os es tambi\u00e9n \u00abel milagro hecho realidad\u00bb.<\/p>\n\n\n\n<p>Ra\u00fal asegura que Maracan\u00e1 significa mucho. \u00abMaracan\u00e1 es sin\u00f3nimo de lo se puede hacer trabajando en equipo y teniendo una actitud impresionante como han tenido todos y cada uno de los jugadores\u00bb, apunta.<\/p>\n\n\n\n<p>Y a\u00f1ade: \u00abPas\u00f3 a ser un verbo. Ya lo hemos adoptado de esa manera y creo que va mucho m\u00e1s all\u00e1 de lo que es la sociedad uruguaya. En el mundo entero conocen lo que es el &#8216;Maracanazo&#8217;.<\/p>\n\n\n\n<p><em>*Santiago Carbone para EFE<\/em><\/p>\n","protected":false},"excerpt":{"rendered":"<p>As\u00ed lo recuerdan familiares de dos de los protagonistas de aquella gloriosa tarde. \u00bfCu\u00e1ntas personas silenciaron el estadio Maracan\u00e1 de R\u00edo de Janeiro? El uruguayo<\/p>\n","protected":false},"author":1,"featured_media":1516,"comment_status":"open","ping_status":"open","sticky":false,"template":"","format":"standard","meta":{"advgb_blocks_editor_width":"","advgb_blocks_columns_visual_guide":"","footnotes":"","jetpack_publicize_message":"","jetpack_publicize_feature_enabled":true,"jetpack_social_post_already_shared":true,"jetpack_social_options":{"image_generator_settings":{"template":"highway","default_image_id":0,"font":"","enabled":false},"version":2}},"categories":[5],"tags":[],"class_list":["post-1494","post","type-post","status-publish","format-standard","has-post-thumbnail","hentry","category-de-la-tribuna"],"author_meta":{"display_name":"Portal","author_link":"https:\/\/portaldeyoung.uy\/index.php\/author\/admin_port\/"},"featured_img":"https:\/\/portaldeyoung.uy\/wp-content\/uploads\/2025\/07\/maracana-300x197.jpg","jetpack_publicize_connections":[],"coauthors":[],"tax_additional":{"categories":{"linked":["<a href=\"https:\/\/portaldeyoung.uy\/index.php\/category\/de-la-tribuna\/\" class=\"advgb-post-tax-term\">De la tribuna<\/a>"],"unlinked":["<span class=\"advgb-post-tax-term\">De la tribuna<\/span>"]}},"comment_count":"0","relative_dates":{"created":"Publicado 10 meses hace","modified":"Actualizado 10 meses hace"},"absolute_dates":{"created":"Publicado el julio 16, 2025","modified":"Actualizado el julio 17, 2025"},"absolute_dates_time":{"created":"Publicado el julio 16, 2025 8:25 pm","modified":"Actualizado el julio 17, 2025 12:25 pm"},"featured_img_caption":"","series_order":"","_links":{"self":[{"href":"https:\/\/portaldeyoung.uy\/index.php\/wp-json\/wp\/v2\/posts\/1494","targetHints":{"allow":["GET"]}}],"collection":[{"href":"https:\/\/portaldeyoung.uy\/index.php\/wp-json\/wp\/v2\/posts"}],"about":[{"href":"https:\/\/portaldeyoung.uy\/index.php\/wp-json\/wp\/v2\/types\/post"}],"author":[{"embeddable":true,"href":"https:\/\/portaldeyoung.uy\/index.php\/wp-json\/wp\/v2\/users\/1"}],"replies":[{"embeddable":true,"href":"https:\/\/portaldeyoung.uy\/index.php\/wp-json\/wp\/v2\/comments?post=1494"}],"version-history":[{"count":1,"href":"https:\/\/portaldeyoung.uy\/index.php\/wp-json\/wp\/v2\/posts\/1494\/revisions"}],"predecessor-version":[{"id":1496,"href":"https:\/\/portaldeyoung.uy\/index.php\/wp-json\/wp\/v2\/posts\/1494\/revisions\/1496"}],"wp:featuredmedia":[{"embeddable":true,"href":"https:\/\/portaldeyoung.uy\/index.php\/wp-json\/wp\/v2\/media\/1516"}],"wp:attachment":[{"href":"https:\/\/portaldeyoung.uy\/index.php\/wp-json\/wp\/v2\/media?parent=1494"}],"wp:term":[{"taxonomy":"category","embeddable":true,"href":"https:\/\/portaldeyoung.uy\/index.php\/wp-json\/wp\/v2\/categories?post=1494"},{"taxonomy":"post_tag","embeddable":true,"href":"https:\/\/portaldeyoung.uy\/index.php\/wp-json\/wp\/v2\/tags?post=1494"}],"curies":[{"name":"wp","href":"https:\/\/api.w.org\/{rel}","templated":true}]}}