{"id":1491,"date":"2025-07-16T20:18:06","date_gmt":"2025-07-16T20:18:06","guid":{"rendered":"https:\/\/portaldeyoung.uy\/?p=1491"},"modified":"2025-07-16T20:18:09","modified_gmt":"2025-07-16T20:18:09","slug":"el-equipo-de-descentralizacion-del-gobierno-departamental-recorrio-localidades-del-interior","status":"publish","type":"post","link":"https:\/\/portaldeyoung.uy\/index.php\/2025\/07\/16\/el-equipo-de-descentralizacion-del-gobierno-departamental-recorrio-localidades-del-interior\/","title":{"rendered":"El equipo de Descentralizaci\u00f3n del Gobierno departamental recorri\u00f3 localidades del interior."},"content":{"rendered":"\n<p>En el marco de la pol\u00edtica de fortalecimiento territorial impulsada por la Intendencia de R\u00edo Negro, la directora de Descentralizaci\u00f3n, <strong>Ver\u00f3nica Curbelo<\/strong>, junto a su equipo, llev\u00f3 adelante una gira institucional por diversas localidades del interior del departamento.<\/p>\n\n\n\n<p>&nbsp;El objetivo principal del recorrido fue presentar oficialmente a quienes asumir\u00e1n la responsabilidad de las <strong>secretar\u00edas y corralones municipales<\/strong>, consolidando as\u00ed la presencia de equipos locales comprometidos con la mejora de los servicios y la articulaci\u00f3n territorial.<\/p>\n\n\n\n<p>La gira comenz\u00f3 el <strong>jueves 10 de julio<\/strong> con encuentros en <strong>Algorta, Grecco y Paso de la Cruz<\/strong>, donde se dialog\u00f3 con vecinos y referentes institucionales. La instancia permiti\u00f3 destacar el valor de contar con equipos con fuerte sentido de pertenencia y vocaci\u00f3n de servicio.<\/p>\n\n\n\n<p>El recorrido culmin\u00f3 el <strong>lunes 14<\/strong> con visitas a <strong>Sauce, Sarand\u00ed de Navarro, Paso de los Mellizos y Bellaco<\/strong>, reafirmando el compromiso de acercar la gesti\u00f3n p\u00fablica a la ciudadan\u00eda y promover la eficiencia institucional desde el territorio.<\/p>\n\n\n\n<p>&nbsp;Esta iniciativa se enmarca en el proceso de <strong>descentralizaci\u00f3n<\/strong> que busca <strong>profesionalizar las estructuras locales<\/strong>, fomentar el arraigo y mejorar la calidad de vida de las comunidades mediante una gesti\u00f3n m\u00e1s cercana, eficiente y participativa.<\/p>\n","protected":false},"excerpt":{"rendered":"<p>En el marco de la pol\u00edtica de fortalecimiento territorial impulsada por la Intendencia de R\u00edo Negro, la directora de Descentralizaci\u00f3n, Ver\u00f3nica Curbelo, junto a su<\/p>\n","protected":false},"author":1,"featured_media":1492,"comment_status":"open","ping_status":"open","sticky":false,"template":"","format":"standard","meta":{"advgb_blocks_editor_width":"","advgb_blocks_columns_visual_guide":"","footnotes":"","jetpack_publicize_message":"","jetpack_publicize_feature_enabled":true,"jetpack_social_post_already_shared":true,"jetpack_social_options":{"image_generator_settings":{"template":"highway","default_image_id":0,"font":"","enabled":false},"version":2}},"categories":[6],"tags":[],"class_list":["post-1491","post","type-post","status-publish","format-standard","has-post-thumbnail","hentry","category-del-departamento"],"author_meta":{"display_name":"Portal","author_link":"https:\/\/portaldeyoung.uy\/index.php\/author\/admin_port\/"},"featured_img":"https:\/\/portaldeyoung.uy\/wp-content\/uploads\/2025\/07\/descentralizacion-300x169.jpg","jetpack_publicize_connections":[],"coauthors":[],"tax_additional":{"categories":{"linked":["<a href=\"https:\/\/portaldeyoung.uy\/index.php\/category\/del-departamento\/\" class=\"advgb-post-tax-term\">Del departamento<\/a>"],"unlinked":["<span class=\"advgb-post-tax-term\">Del departamento<\/span>"]}},"comment_count":"0","relative_dates":{"created":"Publicado 10 meses hace","modified":"Actualizado 10 meses hace"},"absolute_dates":{"created":"Publicado el julio 16, 2025","modified":"Actualizado el julio 16, 2025"},"absolute_dates_time":{"created":"Publicado el julio 16, 2025 8:18 pm","modified":"Actualizado el julio 16, 2025 8:18 pm"},"featured_img_caption":"","series_order":"","_links":{"self":[{"href":"https:\/\/portaldeyoung.uy\/index.php\/wp-json\/wp\/v2\/posts\/1491","targetHints":{"allow":["GET"]}}],"collection":[{"href":"https:\/\/portaldeyoung.uy\/index.php\/wp-json\/wp\/v2\/posts"}],"about":[{"href":"https:\/\/portaldeyoung.uy\/index.php\/wp-json\/wp\/v2\/types\/post"}],"author":[{"embeddable":true,"href":"https:\/\/portaldeyoung.uy\/index.php\/wp-json\/wp\/v2\/users\/1"}],"replies":[{"embeddable":true,"href":"https:\/\/portaldeyoung.uy\/index.php\/wp-json\/wp\/v2\/comments?post=1491"}],"version-history":[{"count":1,"href":"https:\/\/portaldeyoung.uy\/index.php\/wp-json\/wp\/v2\/posts\/1491\/revisions"}],"predecessor-version":[{"id":1493,"href":"https:\/\/portaldeyoung.uy\/index.php\/wp-json\/wp\/v2\/posts\/1491\/revisions\/1493"}],"wp:featuredmedia":[{"embeddable":true,"href":"https:\/\/portaldeyoung.uy\/index.php\/wp-json\/wp\/v2\/media\/1492"}],"wp:attachment":[{"href":"https:\/\/portaldeyoung.uy\/index.php\/wp-json\/wp\/v2\/media?parent=1491"}],"wp:term":[{"taxonomy":"category","embeddable":true,"href":"https:\/\/portaldeyoung.uy\/index.php\/wp-json\/wp\/v2\/categories?post=1491"},{"taxonomy":"post_tag","embeddable":true,"href":"https:\/\/portaldeyoung.uy\/index.php\/wp-json\/wp\/v2\/tags?post=1491"}],"curies":[{"name":"wp","href":"https:\/\/api.w.org\/{rel}","templated":true}]}}